{"id":8280,"date":"2020-03-16T18:35:14","date_gmt":"2020-03-16T17:35:14","guid":{"rendered":"http:\/\/porozmawiajmyozdrowiu.com\/?p=8280"},"modified":"2020-03-16T22:13:20","modified_gmt":"2020-03-16T21:13:20","slug":"pomagamy-w-edukacji-profilaktyki-zdrowotnej","status":"publish","type":"post","link":"http:\/\/porozmawiajmyozdrowiu.com\/?p=8280","title":{"rendered":"U\u015bwiadamiamy, edukujemy, promujemy zdrowy styl \u017cycia! Fundacja \u201ePorozmawiajmy o zdrowiu\u201d powo\u0142ana do \u017cycia!"},"content":{"rendered":"<p align=\"justify\">Rozumiemy, \u017ce\u00a0 profilaktyka zdrowotna oparta jest r\u00f3wnie\u017c \u00a0na skutecznej komunikacji i edukacji spo\u0142ecze\u0144stwa.<\/p>\n<p align=\"justify\">Fundacja\u00a0 <strong>Porozmawiajmy o zdrowiu<\/strong> zosta\u0142a powo\u0142ana do \u017cycia w lutym\u00a0 2020r. przez <em>Agat\u0119 Niemiec<\/em>, kt\u00f3ra od 15 lat\u00a0 promuje zdrowy styl \u017cycia oraz aktywno\u015b\u0107 fizyczn\u0105 w\u015br\u00f3d kobiet.<\/p>\n<p align=\"justify\">Wykorzystuj\u0105c swoj\u0105 wiedz\u0119, wra\u017cliwo\u015b\u0107 i \u015bwiadomo\u015b\u0107 wagi problemu profilaktyki zdrowotnej\u00a0 chce aktywnie uczestniczy\u0107 w tworzeniu nowej rzeczywisto\u015bci dla nas i dla przysz\u0142ych pokole\u0144.<\/p>\n<p align=\"justify\">Jest wiele Fundacji, kt\u00f3re za sw\u00f3j szczytny cel obieraj\u0105 walk\u0119 o zdrowe spo\u0142ecze\u0144stwo \u2013 i dobrze, wszyscy pragniemy w\u0142\u0105czy\u0107 si\u0119 w ten nurt.<\/p>\n<p align=\"justify\"><strong>Pragniemy nawi\u0105za\u0107 wsp\u00f3\u0142prac\u0119 z samorz\u0105dami gmin, lokaln\u0105 spo\u0142eczno\u015bci\u0105, szko\u0142ami, grupami spo\u0142ecznymi, klubami, firmami i zak\u0142adami pracy.<\/strong><\/p>\n<p align=\"justify\"><strong>Statut Fundacji &#8211; <a href=\"http:\/\/porozmawiajmyozdrowiu.com\/wp-content\/uploads\/2020\/03\/STATUT-FUNDACJI_projekt_FINAL-002.pdf\">zobacz<\/a><\/strong><\/p>\n","protected":false},"excerpt":{"rendered":"<p>Rozumiemy, \u017ce\u00a0 profilaktyka zdrowotna oparta jest r\u00f3wnie\u017c \u00a0na skutecznej komunikacji i edukacji spo\u0142ecze\u0144stwa. Fundacja\u00a0 Porozmawiajmy o zdrowiu zosta\u0142a powo\u0142ana do \u017cycia w lutym\u00a0 2020r. przez Agat\u0119 Niemiec, kt\u00f3ra od 15 lat\u00a0 promuje zdrowy styl \u017cycia oraz aktywno\u015b\u0107 fizyczn\u0105 w\u015br\u00f3d kobiet. Wykorzystuj\u0105c swoj\u0105 wiedz\u0119, wra\u017cliwo\u015b\u0107 i \u015bwiadomo\u015b\u0107 wagi problemu profilaktyki zdrowotnej\u00a0 chce aktywnie uczestniczy\u0107 w tworzeniu <p><a class=\"readon\" href=\"http:\/\/porozmawiajmyozdrowiu.com\/?p=8280\"><span>czytaj wi\u0119cej...<\/span><\/a><\/p><\/p>\n","protected":false},"author":1,"featured_media":8284,"comment_status":"closed","ping_status":"open","sticky":false,"template":"","format":"standard","meta":[],"categories":[6,71],"tags":[],"_links":{"self":[{"href":"http:\/\/porozmawiajmyozdrowiu.com\/index.php?rest_route=\/wp\/v2\/posts\/8280"}],"collection":[{"href":"http:\/\/porozmawiajmyozdrowiu.com\/index.php?rest_route=\/wp\/v2\/posts"}],"about":[{"href":"http:\/\/porozmawiajmyozdrowiu.com\/index.php?rest_route=\/wp\/v2\/types\/post"}],"author":[{"embeddable":true,"href":"http:\/\/porozmawiajmyozdrowiu.com\/index.php?rest_route=\/wp\/v2\/users\/1"}],"replies":[{"embeddable":true,"href":"http:\/\/porozmawiajmyozdrowiu.com\/index.php?rest_route=%2Fwp%2Fv2%2Fcomments&post=8280"}],"version-history":[{"count":4,"href":"http:\/\/porozmawiajmyozdrowiu.com\/index.php?rest_route=\/wp\/v2\/posts\/8280\/revisions"}],"predecessor-version":[{"id":8288,"href":"http:\/\/porozmawiajmyozdrowiu.com\/index.php?rest_route=\/wp\/v2\/posts\/8280\/revisions\/8288"}],"wp:featuredmedia":[{"embeddable":true,"href":"http:\/\/porozmawiajmyozdrowiu.com\/index.php?rest_route=\/wp\/v2\/media\/8284"}],"wp:attachment":[{"href":"http:\/\/porozmawiajmyozdrowiu.com\/index.php?rest_route=%2Fwp%2Fv2%2Fmedia&parent=8280"}],"wp:term":[{"taxonomy":"category","embeddable":true,"href":"http:\/\/porozmawiajmyozdrowiu.com\/index.php?rest_route=%2Fwp%2Fv2%2Fcategories&post=8280"},{"taxonomy":"post_tag","embeddable":true,"href":"http:\/\/porozmawiajmyozdrowiu.com\/index.php?rest_route=%2Fwp%2Fv2%2Ftags&post=8280"}],"curies":[{"name":"wp","href":"https:\/\/api.w.org\/{rel}","templated":true}]}}