{"id":7249,"date":"2013-11-26T14:13:28","date_gmt":"2013-11-26T14:13:28","guid":{"rendered":"http:\/\/www.porozmawiajmyozdrowiu.com\/?p=7249"},"modified":"2016-10-12T18:20:11","modified_gmt":"2016-10-12T16:20:11","slug":"wydaje-mi-sie-ze-sila-marzen-jest-czyms-z-czego-nie-zdajemy-sobie-sprawy","status":"publish","type":"post","link":"https:\/\/porozmawiajmyozdrowiu.com\/?p=7249","title":{"rendered":"&#8222;Wydaje mi si\u0119, \u017ce si\u0142a marze\u0144 jest czym\u015b, z czego nie zdajemy sobie sprawy.&#8221;"},"content":{"rendered":"<p><b>Rozmowa Agaty Niemiec z Danut\u0105 B\u0142a\u017cejczyk<br \/>\nPorozmawiajmy o zdrowiu 23 listopada 2013 r.<\/b><\/p>\n<p style=\"text-align: justify;\"><b>Agata Niemiec: My\u015bl\u0119, \u017ce naszego Go\u015bcia nie trzeba szczeg\u00f3lnie przedstawia\u0107 \u2013 Danuta B\u0142a\u017cejczyk! Bardzo dzi\u0119kuj\u0119 za przyj\u0119cie zaproszenia. Jestem pod ogromnym wra\u017ceniem tego, \u017ce spotykam takie wspania\u0142e kobiety na swojej drodze zawodowej. Jestem zawsze ciekawa naszego Go\u015bcia. Przeczyta\u0142am oczywi\u015bcie du\u017co wywiad\u00f3w i z materia\u0142\u00f3w prasowych wynika, \u017ce przywi\u0105zuje Pani wag\u0119 do profilaktyki zdrowia. Jest Pani kobiet\u0105 \u015bwiadom\u0105 tego, co trzeba zrobi\u0107 dla siebie pod k\u0105tem zdrowia.<\/b><\/p>\n<p style=\"text-align: justify;\"><b>Danuta B\u0142a\u017cejczyk:<\/b> Dzie\u0144 Dobry. Witam wszystkich bardzo serdecznie \u2013 i Panie i Pan\u00f3w. Bardzo dzi\u0119kuj\u0119 za zaproszenie. I to w tak szczeg\u00f3lnym miejscu. Wydaje mi si\u0119, \u017ce to, \u017ce akurat ten temat jest poruszany i \u017ce ja zosta\u0142am zaproszona, jest dla mnie szczeg\u00f3lnym wyr\u00f3\u017cnieniem, bo naprawd\u0119 ceni\u0119 sobie zdrowie. Ale zdobywa\u0142am t\u0119 wiedz\u0119 poprzez r\u00f3\u017cnego rodzaju do\u015bwiadczenia. Same Panie wiecie, \u017ce co\u015b najlepiej dociera do naszego m\u00f3zgu, kiedy si\u0119 w pewien spos\u00f3b sparzymy. I potem jeste\u015bmy ostro\u017cne. Co jest podstaw\u0105? Dieta. Oty\u0142o\u015b\u0107 powoduje to, \u017ce pojawiaj\u0105 si\u0119 problemy ci\u015bnieniowe, kr\u0105\u017ceniowe, stawowe \u2013 wszystko siada. Nie ukrywam, \u017ce stosowa\u0142am wszystkie diety \u015bwiata\u2026<\/p>\n<p style=\"text-align: justify;\"><b>AN: A\u017c si\u0119 uda\u0142o! I by\u0142o to bardzo spektakularne, media o tym m\u00f3wi\u0142y. Danuta B\u0142a\u017cejczyk schud\u0142a prawie 30 kg! To musia\u0142o by\u0107\u2026<\/b><\/p>\n<p style=\"text-align: justify;\"><b>DB:<\/b> To by\u0142o masakryczne! Znalaz\u0142am kiedy\u015b w gazecie swoje zdj\u0119cie, kt\u00f3rego nawet by\u0142am \u015bwiadoma. Gdy por\u00f3wna\u0142am siebie na tym zdj\u0119ciu do tego, kiedy by\u0142am ju\u017c bardzo odchudzona, to stwierdzi\u0142am, \u017ce wygl\u0105da\u0142am jak w\u0142asna matka. Masakra! Postanowi\u0142am, \u017ce wi\u0119cej takich diet nie b\u0119d\u0119 stosowa\u0142a. Nie ma tabletki-cud, kt\u00f3ra w jednym momencie za\u0142atwi wszystko, co nagrabili\u015bmy sobie przez ca\u0142e lata. Kiedy to zrozumia\u0142am, wyrzuci\u0142am wszystkie ksi\u0105\u017cki o dietach i zosta\u0142am zaproszona (tak jak Iwonka Pavlovic) do Konrada Gacy, kt\u00f3ry w tej chwili robi \u201eFat Killers\u201d. On u\u015bwiadomi\u0142 mi jedno \u2013 je\u015bli kto\u015b ma tendencj\u0119 do tycia, to b\u0119dzie t\u0119 tendencj\u0119 mia\u0142 zawsze. Jak alkoholik \u2013 je\u015bli kto\u015b jest alkoholikiem, to zawsze nim b\u0119dzie. Musi by\u0107 kontrola! Je\u015bli przytyjemy troch\u0119, trzeba ograniczy\u0107 jedzenie albo przej\u015b\u0107 na tak\u0105 diet\u0119, kt\u00f3ra b\u0119dzie r\u00f3\u017cnorodna. No i rusza\u0107 si\u0119! Od razu w g\u0142owie robi si\u0119 inaczej. Jak wsi\u0105d\u0119 na rowerek i przejad\u0119 sobie 45 minut, to od razu wszystko jest dla mnie do za\u0142atwienia. Wszystko jest mo\u017cliwe. Nie ukrywam, \u017ce wa\u017cy\u0142am ponad 100 kg. Same doskonale wiecie jak to jest \u2013 cz\u0142owiek staje przed lustrem i jest na siebie w\u015bciek\u0142y, bo czego na siebie nie za\u0142o\u017cy, to wygl\u0105da jak potw\u00f3r. Wi\u0119c oczywi\u015bcie zostawa\u0142am w domu. I co robi\u0142am? Jad\u0142am. Natomiast w momencie kiedy cz\u0142owiekowi nagle ubywa wagi, rosn\u0105 mu skrzyde\u0142ka i wi\u0119cej mu si\u0119 chce, jest otwarty na ludzi. Wszyscy \u201egacowicze\u201d, kt\u00f3rych spotka\u0142am u Konrada to ludzie, kt\u00f3rzy sami tego do\u015bwiadczyli i sami tego pilnuj\u0105. Staj\u0105 si\u0119 jak gdyby kolejnymi trenerami. To oni opiekuj\u0105 si\u0119 lud\u017ami, kt\u00f3rzy wkraczaj\u0105 do Gacy. To jest wielka rodzina ludzi przyjaznych, \u017cyczliwych. Naprawd\u0119 kocham ludzi i wydaje mi si\u0119, \u017ce dostaje od nich to samo.<\/p>\n<p style=\"text-align: justify;\"><b>AN: Rozumiem, \u017ce dieta pod kontrol\u0105 pana Gacy polega\u0142a na tym, \u017ce w\u0142\u0105czy\u0142a Pani do swojego \u017cycia wi\u0119cej sportu z trenerem. Czy to r\u00f3wnie\u017c dotyczy\u0142o diety, zdrowego \u017cywienia?<\/b><\/p>\n<p style=\"text-align: justify;\"><b>DB:<\/b> Ze stresem to mam kiepsko, niestety. Jestem osoba nieprawdopodobnie wra\u017cliw\u0105. Mn\u00f3stwo rzeczy, pomimo, \u017ce si\u0119 ucz\u0119, ci\u0105gle nad tym pracuj\u0119, to strasznie bior\u0119 do siebie i bardzo si\u0119 nimi przejmuj\u0119. I potem efekt jest taki, \u017ce najcz\u0119\u015bciej pierwsze cierpi moje gard\u0142o.<\/p>\n<p style=\"text-align: justify;\"><b>AN: Tak, bo Pani odchudza\u0142a si\u0119 razem z m\u0119\u017cem.<\/b><\/p>\n<p style=\"text-align: justify;\"><b>DB:<\/b> Tak. Mam to szcz\u0119\u015bcie, \u017ce m\u00f3j m\u0105\u017c mnie wspar\u0142 i schud\u0142 ponad 30 kg. Ma\u0142o tego! Bra\u0142 leki na nadci\u015bnienie, wi\u0119c Konrad od razu u\u015bwiadomi\u0142 mu jedno \u2013 je\u015bli b\u0119dzie si\u0119 odchudza\u0142 i nadal je bra\u0142, to je\u015bli nie skonsultuje tego z lekarzem, mo\u017ce si\u0119 doprowadzi\u0107 do takiego stanu, \u017ce b\u0119dzie musia\u0142 bra\u0107 leki na podwy\u017cszenie ci\u015bnienia. I tak si\u0119 sta\u0142o. Po dw\u00f3ch tygodniach od\u017cywiania i ruchu, m\u00f3j m\u0105\u017c musia\u0142 p\u00f3j\u015b\u0107 do lekarza i odstawi\u0107 leki. Bra\u0142 12 rodzaj\u00f3w r\u00f3\u017cnych tabletek \u2013 teraz nie bierze nic. Podstaw\u0105 jest to, co jemy.<\/p>\n<p style=\"text-align: justify;\"><b>AN: Jak wygl\u0105da trening z udzia\u0142em trenera?<\/b><\/p>\n<p style=\"text-align: justify;\"><b>DB:<\/b> U niego to jest fajne, \u017ce etap uwalniania si\u0119, wychodzenia na zewn\u0105trz mo\u017cna kontynuowa\u0107 r\u00f3wnie\u017c internetowo. To nie musi by\u0107 trener osobisty. Cz\u0142owiek musi sam zacz\u0105\u0107 nad sob\u0105 pracowa\u0107. Sami obrastamy w t\u0142uszcz i sami powinni\u015bmy si\u0119 tego pozbywa\u0107. I w\u0142a\u015bnie to jest najwi\u0119ksza przyjemno\u015b\u0107! Cz\u0142owiek po prostu p\u0119ka z dumy, jest szcz\u0119\u015bliwy! Co jest na pocz\u0105tku? Na pocz\u0105tku s\u0105 tak zwane \u0107wiczenia aerobowe. To nie s\u0105 \u0107wiczenia uci\u0105\u017cliwe, wystarczy poje\u017adzi\u0107 na rowerku z pulsem przystosowanym do wagi i wieku. Po pewnym etapie odchudzania dochodz\u0105 do tego \u0107wiczenia na mi\u0119\u015bnie. Najpierw musimy to wszystko spali\u0107. Tam s\u0105 ludzie, kt\u00f3rzy schudli w ci\u0105gu roku ponad 100 kg. Widzia\u0142am ich na w\u0142asne oczy. Ma\u0142o tego \u2013 to byli ludzie, kt\u00f3rzy mieli w swojej rodzinie lekarzy. Nasz najm\u0142odszy kolega by\u0142 badany przez swojego ojca prawie co dwa tygodnie, naprawd\u0119 dog\u0142\u0119bnie. I okaza\u0142o si\u0119, \u017ce wszystko jest w porz\u0105dku, \u017ce jest szcz\u0119\u015bliwy. Wiadomo, \u017ce potem pojawiaj\u0105 si\u0119 kwestie zwi\u0105zane ze sk\u00f3r\u0105. Jak kto\u015b zrzuci\u0142 ponad 100 kg, to sk\u00f3ra wygl\u0105da dosy\u0107 nieciekawie. Ale nie usuwa si\u0119 jej chirurgicznie, s\u0105 na to pewne \u0107wiczenia. Kosztuje to troch\u0119 wysi\u0142ku, ale naprawd\u0119 mo\u017cna. Nie b\u00f3jmy si\u0119! I jest to mo\u017cliwe w ka\u017cdym wieku! Ja sko\u0144czy\u0142am 60 lat i wydawa\u0142o mi si\u0119, \u017ce w tym wieku niemo\u017cliwe jest aby schudn\u0105\u0107. Nieprawda \u2013 w ka\u017cdym wieku mo\u017cna schudn\u0105\u0107 i by\u0107 szcz\u0119\u015bliwym.<\/p>\n<p style=\"text-align: justify;\"><b>AN: Czy poza fitnessem i si\u0142owni\u0105 uprawia Pani jeszcze jakie\u015b sporty?<\/b><\/p>\n<p style=\"text-align: justify;\"><b>DB:<\/b> DB: Lubi\u0119 si\u0119 czasem zm\u0119czy\u0107, poniewa\u017c mieszkam niedaleko \u201eWy\u015bcigu\u201d w Warszawie. Tam s\u0105 takie tory asfaltowe, wi\u0119c zak\u0142adam rolki i czasami je\u017cd\u017c\u0119 z dzieckiem, co jest bardzo przyjemne. Niestety, dziecko coraz cz\u0119\u015bciej ma ju\u017c swoje pomys\u0142y na \u017cycie, wi\u0119c ostatnio je\u017cd\u017c\u0119 sama. M\u00f3j m\u0105\u017c bardzo cz\u0119sto je\u017adzi na rowerze, ale ja si\u0119 boj\u0119 jazdy rowerem po mie\u015bcie \u2013 jeden pu\u015bci, drugi nie pu\u015bci. Tym bardziej, \u017ce m\u0105\u017c do\u015bwiadczy\u0142 w\u0142a\u015bnie takiego wypadku. Ale je\u017adzi dalej, mo\u017ce troch\u0119 bardziej ostro\u017cnie. A ja na rolkach.<\/p>\n<p style=\"text-align: justify;\"><b>AN: Powiedzia\u0142a Pani ju\u017c du\u017co o swojej kondycji fizycznej. Wida\u0107 r\u00f3wnie\u017c, \u017ce Pani kondycja psychiczna jest doskona\u0142a. Rado\u015b\u0107 nie tylko w u\u015bmiechu ale i w oczach. Sk\u0105d Pani czerpie tak\u0105 pozytywn\u0105 energi\u0119? Rozumiem, \u017ce r\u00f3wnie\u017c ze szcz\u0119\u015bliwego, d\u0142ugotrwa\u0142ego zwi\u0105zku. Bo m\u0105\u017c ten sam od momentu, kiedy by\u0142o pierwsze spojrzenie.<\/b><\/p>\n<p style=\"text-align: justify;\"><b>O:<\/b> Wybra\u0142am w\u0142a\u015bciwy model.<\/p>\n<p style=\"text-align: justify;\"><b>AN: A jak wybra\u0107 ten w\u0142a\u015bciwy model? Jak to si\u0119 robi?<\/b><\/p>\n<p style=\"text-align: justify;\"><b>DB:<\/b> Jako dziecko by\u0142am bardzo szcz\u0119\u015bliwa maj\u0105c tak\u0105 rodzin\u0119, w kt\u00f3rej rodzice bardzo si\u0119 kochali i szanowali. Moim wielkim marzeniem zawsze by\u0142o to \u2013 skoro tatu\u015b nie mo\u017ce by\u0107 moim m\u0119\u017cem, to niech m\u0105\u017c b\u0119dzie taki jak tatu\u015b! Wczoraj by\u0142am na \u201eAktywnej Matce\u201d, m\u00f3wili tam, \u017ce aktywna matka to aktywna rodzina. \u017beby\u015bmy nie bali si\u0119 aktywno\u015bci oraz tego, \u017ce dziecku czego\u015b ub\u0119dzie je\u015bli b\u0119dziemy pracowa\u0142y zawodowo. Nieprawda. Ale chodzi r\u00f3wnie\u017c o to, \u017ceby ca\u0142a rodzina by\u0142a aktywna zawodowo. \u017beby nie by\u0142o tak, \u017ce matka przychodzi po pracy a dzieci s\u0105 g\u0142odne, w domu jest totalny ba\u0142agan a m\u0105\u017c le\u017cy z pilotem przed telewizorem. Tak jest w wielu domach. Moja mama zawsze by\u0142a bardzo aktywna, dzia\u0142a\u0142a spo\u0142ecznie, by\u0142a otwarta na ludzi. Zar\u00f3wna ja, jak i moja siostra wynios\u0142y\u015bmy to z domu. Ale m\u00f3j tata nie by\u0142 pr\u00f3\u017cniakiem, robi\u0142 w domu wszystko, co trzeba &#8211; nie by\u0142o podzia\u0142u na m\u0119skie i damskie prace. U nas w domu te\u017c mamy taki model. Moja c\u00f3rka ma teraz 22 lata. To dziewczyna, kt\u00f3ra jest samodzielna, my\u015bli podobnie do matki i babci\u2026 A modelu w\u0142a\u015bciwego brak! Ale my\u015bl\u0119, \u017ce jaki\u015b ksi\u0105\u017c\u0119 si\u0119 znajdzie. Ja przez ca\u0142e \u017cycie marzy\u0142am. Wydaje mi si\u0119, \u017ce si\u0142a marze\u0144 jest czym\u015b, z czego nie zdajemy sobie sprawy. Je\u015bli o czym\u015b marzymy, to po prostu to przyci\u0105gamy. Warto my\u015ble\u0107 o nawet najbardziej szalonych marzeniach i przyci\u0105ga\u0107 do siebie to, czego si\u0119 pragnie.<\/p>\n<p style=\"text-align: justify;\"><b>AN: A tym marzeniem by\u0142o w\u0142a\u015bnie \u015bpiewanie, scena?<\/b><\/p>\n<p style=\"text-align: justify;\"><b>DB:<\/b> Tak, rzeczywi\u015bcie. Studiowa\u0142am filologi\u0119 rosyjsk\u0105 i by\u0142am ju\u017c na trzecim roku kiedy do\u015bwiadczy\u0142am zetkni\u0119cia z m\u0142odzie\u017c\u0105 szkoln\u0105. Pomy\u015bla\u0142am: \u201eNie, chyba nie upad\u0142am na g\u0142ow\u0119. Oni b\u0119d\u0105 mieli przer\u0105bane ze mn\u0105, a ja oszalej\u0119!\u201d Jeszcze w obecnych czasach panuje taki model, w kt\u00f3rym dzieci chodz\u0105 do szko\u0142y \u201eza kar\u0119\u201d. To unieszcz\u0119\u015bliwia zar\u00f3wno jedn\u0105 stron\u0119, jak i drug\u0105. Trafi\u0142am na taki moment w radio, kiedy Janis Joplin \u015bpiewa\u0142a \u201eSummertime\u201d. Jak to us\u0142ysza\u0142am \u2013 palma totalna! Ca\u0142y czas \u015bpiewa\u0142am. Mama m\u00f3wi\u0142a, \u017ce tylko wtedy cich\u0142am na sekund\u0119, kiedy spada\u0142am ze schod\u00f3w. Id\u0119, nuc\u0119 \u2013 nagle cisza! \u2013 a potem podnios\u0142am si\u0119, otrzepa\u0142am i \u015bpiewa\u0142am dalej. Widocznie tak mia\u0142o by\u0107. Ja niczego innego nie chcia\u0142am, chcia\u0142am tylko \u015bpiewa\u0107.<\/p>\n<p style=\"text-align: justify;\"><b>I na Pani drodze stan\u0105\u0142 m\u0119\u017cczyzna, kt\u00f3ry pom\u00f3g\u0142 w realizacji tych marze\u0144. By\u0142 to W\u0142odzimierz Korcz, kt\u00f3ry po raz pierwszy zachwyci\u0142 si\u0119 Pani g\u0142osem. <\/b><\/p>\n<p style=\"text-align: justify;\"><b>DB:<\/b> Kiedy\u015b \u017ceby uprawia\u0107 zaw\u00f3d artysty estradowego (je\u015bli nie mia\u0142o si\u0119 sko\u0144czonej \u015bredniej szko\u0142y muzycznej) nale\u017ca\u0142o stan\u0105\u0107 przed komisj\u0105 ministerialn\u0105. Wydaje mi si\u0119, \u017ce w obecnych czasach niekt\u00f3rym nadal by si\u0119 to przyda\u0142o. Tam by\u0142y egzaminy dotycz\u0105ce teorii, kultury, naszych osi\u0105gni\u0119\u0107 kulturalnych na \u015bwiecie \u2013 taka wiedza w pigu\u0142ce. Potem by\u0142 egzamin praktyczny, w kt\u00f3rym nale\u017ca\u0142o co\u015b za\u015bpiewa\u0107. Korcz zapyta\u0142: \u201eCzy chcia\u0142aby Pani \u015bpiewa\u0107 w Polsce?\u201d Ja chcia\u0142am wtedy wyjecha\u0107 na kontrakt, z reszt\u0105 wydawa\u0142o mi si\u0119, \u017ce nie mam do tego predyspozycji. Pracowa\u0142am z Maryl\u0105 Rodowicz, \u015bpiewa\u0142am u niej w ch\u00f3rku. Wydawa\u0142o mi si\u0119, \u017ce si\u0119 do tego kompletnie nie nadaj\u0119. Sami Pa\u0144stwo wiecie \u2013 Maryla to jest prawdziwy talent! Wtedy zapyta\u0142 mnie dalej: \u201eA je\u015bli razem z Panem M\u0142ynarskim napiszemy dla Ciebie piosenk\u0119, kt\u00f3r\u0105 za\u015bpiewasz w Opolu?\u201d Pomy\u015bla\u0142am, \u017ce jestem ju\u017c (za przeproszeniem) stara dupa &#8211; mia\u0142am 32 lata i my\u015bla\u0142am, \u017ce to si\u0119 ju\u017c nie zdarzy. M\u00f3wi\u0142am: \u201eNiemo\u017cliwe, to jest jaka\u015b bajka.\u201d Mia\u0142am wtedy przy sobie jednorazow\u0105 chusteczk\u0119 i z tych emocji star\u0142am j\u0105 a\u017c w trociny\u2026 Piosenk\u0119, kt\u00f3r\u0105 za\u015bpiewa\u0142am w 1985 roku wr\u0119czyli dopiero miesi\u0105c przed samym Opolem. Nie ukrywam, \u017ce by\u0142am strasznie nieufna, bo nie wierzy\u0142am w to, \u017ce jest mo\u017cliwe, aby Pan Korcz i Pan M\u0142ynarski napisali dla mnie piosenk\u0119. Spotka\u0142am na swojej drodze cudownych ludzi. Jestem z Lubelszczyzny i j\u0119zyk polski, o kt\u00f3rym my\u015bla\u0142am, \u017ce jest j\u0119zykiem polskim, nie do ko\u0144ca by\u0142 taki. U nas m\u00f3wi si\u0119: \u201eLublyn\u2026 P\u00f3\u0142 lytra\u2026\u201d &#8211; tego typu rzeczy. Kompletnie nie zdawa\u0142am sobie z tego sprawy. Powiedzieli mi, \u017ce nie \u015bpiewam po polsku. Bardzo du\u017co pomog\u0142a mi Pani El\u017cbieta Starostecka, \u017cona W\u0142odka Korcza oraz profesor Gaw\u0119da, kt\u00f3ry zajmowa\u0142 si\u0119 dykcj\u0105 w Szkole Teatralnej. P\u0142aka\u0142am: \u201eOdczepcie si\u0119 ode mnie! Ja naprawd\u0119 m\u00f3wi\u0119 bardzo wyra\u017anie!\u201d Dopiero kiedy pos\u0142ucha\u0142am swojego nagrania, powiedzia\u0142am: \u201eO Bo\u017ce! Rzeczywi\u015bcie!\u201d Teraz (poniewa\u017c ucz\u0119 \u015bpiewu) jestem katem \u2013 w\u0142a\u015bnie z tego wzgl\u0119du. \u015apiewanie to m\u00f3wienie na melodii. W domu nie przywi\u0105zuje si\u0119 wagi do tego, jak si\u0119 m\u00f3wi. W szko\u0142ach podobnie. Kiedy trafiaj\u0105 do mnie ludzie i u\u015bwiadamiam im pewne rzeczy, to otwieraj\u0105 oczy ze zdumienia. Je\u015bli chcemy \u015bpiewa\u0107 i chcemy, \u017ceby to brzmia\u0142o \u2013 musi by\u0107 odpowiednia dykcja. R\u00f3wnie\u017c w j\u0119zyku angielskim. R\u00f3wnie wa\u017cna jest praca nad akcentem. Kiedy akcent jest przestawiony, cz\u0119sto pytam: \u201eW jakim on j\u0119zyku \u015bpiewa? Po rosyjsku? Przecie\u017c to s\u0142owo zupe\u0142nie inaczej brzmi.\u201d Ale dla m\u0142odych jest wszystko jedno\u2026<\/p>\n<p style=\"text-align: justify;\"><b>AN: Prosz\u0119 nam powiedzie\u0107 o swojej aktywno\u015bci w fundacji, kt\u00f3r\u0105 Pani prowadzi. Jest Pani jej prezesk\u0105. To w ramach \u201eAktywnej Mamy\u201d \u2013 ca\u0142y czas jest Pani w ruchu? <\/b><\/p>\n<p style=\"text-align: justify;\"><b>DB:<\/b> Fundacja zosta\u0142a za\u0142o\u017cona, \u017ceby zrealizowa\u0107 pomys\u0142 mojej kole\u017canki, Basi Dziekan \u2013 aktorki. Wymy\u015bli\u0142a sobie muzyk\u0119 Stanis\u0142awa Moniuszki za\u015bpiewan\u0105 przez m\u0142odych ludzi w nowoczesnych aran\u017cacjach i z tancerzami hip-hopu. Nie by\u0142o jak tego ugry\u017a\u0107, bo \u017ceby zdoby\u0107 pieni\u0105dze, potrzebna by\u0142a forma prawna. Rozwa\u017cali\u015bmy za\u0142o\u017cenie stowarzyszenia, ale stwierdzili\u015bmy, \u017ce anga\u017cowa\u0142oby to za du\u017co ludzi. W\u0142\u0105czy\u0142aby si\u0119 wtedy \u201espychologia\u201d, a do pracy nie by\u0142oby nikogo. Za\u0142o\u017cenie fundacji wymaga mniejszej liczby os\u00f3b, \u0142atwiej te\u017c zdoby\u0107 pieni\u0105dze. Ale pieni\u0119dzy oczywi\u015bcie nie zdobyli\u015bmy od pa\u0144stwa, pojawili si\u0119 sponsorzy prywatni. Zrobili\u015bmy to przedstawienie. W zesz\u0142ym roku byli\u015bmy z nim na 50-leciu Festiwalu Moniuszkowskiego w Kudowie Zdr\u00f3j. Bardzo si\u0119 spodoba\u0142o. To by\u0142 pocz\u0105tek tego dzia\u0142ania \u2013 robili\u015bmy r\u00f3\u017cnego rodzaju wydarzenia, kt\u00f3re by\u0142y wa\u017cne dla kultury. Wydaje mi si\u0119, \u017ce kiedy m\u0142odemu cz\u0142owiekowi, kt\u00f3ry nie ma przygotowania muzycznego i ma\u0142o wie o muzyce, rzuci si\u0119 has\u0142o: \u201epie\u015bni Moniuszki\u201d, to machnie r\u0119k\u0105. Takie by\u0142y reakcje. Pami\u0119tam kiedy moja c\u00f3rka przysz\u0142a \u201ez \u0142apanki\u201d na to przedstawienie. Gdy us\u0142ysza\u0142a jakie s\u0105 to pie\u015bni, jak to wszystko wygl\u0105da, to nast\u0119pnego dnia przyprowadzi\u0142a ze sob\u0105 p\u00f3\u0142 klasy. I potem przychodzi\u0142a ju\u017c sama m\u0142odzie\u017c. Ma\u0142o tego! By\u0142o to \u015brodowisko hip-hopowc\u00f3w, kt\u00f3rzy s\u0105 raczej na dystans do tego typu muzyki. Oni wszyscy razem z nami \u015bpiewali! To jest jedyny spos\u00f3b, \u017ceby m\u0142odym ludziom przybli\u017cy\u0107 takie sylwetki. Kim jeste\u015bmy, je\u015bli nie b\u0119dziemy szanowa\u0107 naszej w\u0142asnej kultury? Nawet dla \u015bwiata nic wtedy nie znaczymy \u2013 jeste\u015bmy bardziej ameryka\u0144scy ni\u017c Amerykanie albo bardziej rosyjscy ni\u017c Rosjanie. Nie jeste\u015bmy dla nikogo \u017cadnym partnerem. Jeste\u015bmy oryginalni tylko wtedy, je\u015bli szanujemy swoja kultur\u0119. W mojej fundacji walczymy o to, \u017ceby realizowa\u0107 takie pomys\u0142y, \u017ceby u\u015bwiadamia\u0107, \u017ce Polakami jeste\u015bmy tylko wtedy, je\u017celi szanujemy nasz\u0105 kultur\u0119 i j\u0119zyk, nasz\u0105 tradycj\u0119 i folklor.<\/p>\n<p style=\"text-align: justify;\"><b>AN: Co oznacza dla Pani s\u0142owo: \u201ekobieta dojrza\u0142a\u201d? Co dla Pani, jako kobiety, oznacza dojrza\u0142o\u015b\u0107? <\/b><\/p>\n<p style=\"text-align: justify;\"><b>DB:<\/b> Kobieta dojrza\u0142a to kobieta \u015bwiadoma tego, gdzie jest, co zdoby\u0142a, co osi\u0105gn\u0119\u0142a. Potrafi\u0105ca cieszy\u0107 si\u0119 ka\u017cdym dniem. Kobieta dojrza\u0142a jest \u015bwiadoma tego, jak cennym jest \u017cycie. Ka\u017cdy dzie\u0144 i ka\u017cda napotkana osoba w jej \u017cyciu.<\/p>\n<p style=\"text-align: justify;\"><b>AN: A relacja z c\u00f3rk\u0105 i zbudowanie z ni\u0105 fajnej wi\u0119zi? Niekt\u00f3rzy m\u00f3wi\u0105, \u017ce jest to jedna z najtrudniejszych relacji mi\u0119dzy kobietami\u2026<\/b><\/p>\n<p style=\"text-align: justify;\"><b>DB:<\/b> To prawda. Tym bardziej, je\u015bli maj\u0105 podobne charaktery. Ale je\u015bli w domu si\u0119 rozmawia, je\u015bli nie ma temat\u00f3w zgarnianych pod dywan? W naszej rodzinie jest czasem wybuchowo \u2013 ale to dobrze. Wa\u017cne jest to, \u017ce mamy na to jakie\u015b rozwi\u0105zania, bardzo si\u0119 kochamy i jest nam ze sob\u0105 dobrze. Wiem, \u017ce kiedy m\u00f3wi\u0119 mojemu dziecku, \u017ce przyjd\u0105 do nas nasi znajomi, to ona wie, \u017ce jest to \u015bwietna przygoda. Potem m\u00f3wi: \u201eWiesz? Fajnie, \u017ce z wami by\u0142am.\u201d A ja si\u0119 z tego ciesz\u0119.<\/p>\n<p style=\"text-align: justify;\"><b>AN: A z kim si\u0119 Pani przyja\u017ani? S\u0105 to przyja\u017anie bardziej kobiece czy przyja\u017anie z m\u0119\u017cczyznami? <\/b><\/p>\n<p style=\"text-align: justify;\"><b>DB:<\/b> Ja kocham kobiety! Za co je ceni\u0119? Dla kobiety nie ma sprawy nie do za\u0142atwienia. M\u00f3wi si\u0119, \u017ce kobieta m\u00f3wi \u201enie\u201d. Kobieta nie m\u00f3wi \u201enie\u201d &#8211; kobieta m\u00f3wi \u201etak\u201d! Z kolei pierwsz\u0105 odpowiedzi\u0105 m\u0119\u017cczyzny jest: \u201eTego nie da si\u0119 zrobi\u0107.\u201d Jedynym m\u0119\u017cczyzn\u0105, z kt\u00f3rym dobrze mi si\u0119 pracuje jest m\u00f3j m\u0105\u017c. Ale mo\u017ce to dlatego, \u017ce nawzajem si\u0119 wychowali\u015bmy. Z kobietami pracuje si\u0119 przede wszystkim rado\u015bniej, s\u0105 \u015bwietnie zorganizowane. Wydaje mi si\u0119, \u017ce Polki s\u0105 kobietami, dla kt\u00f3rych godzenie obowi\u0105zk\u00f3w zawodowych z domowymi nie jest problemem. One s\u0105 szcz\u0119\u015bliwe, \u017ce mog\u0105 robi\u0107 to i to.<\/p>\n<p style=\"text-align: justify;\"><b>AN: Czy mia\u0142aby Pani ochot\u0119 w\u0142\u0105czy\u0107 si\u0119 w organizacje typowo kobiece? Dzia\u0142a\u0107 na rzecz kobiet \u2013 feminizm, r\u00f3wnouprawnienie\u2026 Czy widzi si\u0119 Pani w takiej roli? Czy uwa\u017ca Pani, \u017ce my kobiety najbardziej zadbamy o w\u0142asne prawa? <\/b><\/p>\n<p style=\"text-align: justify;\"><b>DB:<\/b> My\u015bl\u0119, \u017ce tylko kobiety zadbaj\u0105 o swoje prawa.<\/p>\n<p style=\"text-align: justify;\"><b>AN: M\u0119\u017cczy\u017ani o nas nie zadbaj\u0105?<\/b><\/p>\n<p style=\"text-align: justify;\"><b>DB:<\/b> My\u015bl\u0119, \u017ce nie. Naprawd\u0119 kocham pan\u00f3w, ale wydaje mi si\u0119, \u017ce oni maj\u0105 co\u015b podobnego do \u201eSyndromu Piotrusia Pana\u201d &#8211; \u015bwietnie si\u0119 bawi\u0105 i najwa\u017cniejsze jest to, co jest dla nich. To nie wynika z tego, \u017ce czuj\u0119 si\u0119 dyskryminowana zawodowo \u2013 nie! Mi jest dobrze tak, jak jest. Je\u015bli cz\u0142owiek na w\u0142asnym poletku ustawi sobie odpowiednie warunki, to wszystko dooko\u0142a zacznie si\u0119 jako\u015b ustawia\u0107. Chodzi o to, jakimi cz\u0142owiek si\u0119 otacza lud\u017ami. Mam przyjaci\u00f3\u0142 gej\u00f3w i lesbijki \u2013 oni nie chodz\u0105 na manifestacje. S\u0105 szcz\u0119\u015bliwi i nie robi\u0105 z tego problemu. Nie ukrywam, \u017ce to mnie w\u0142a\u015bnie denerwuje. Po co te manifestacje? Czy my komu\u015b czego\u015b zabraniamy?<\/p>\n<p style=\"text-align: justify;\"><b>AN: A co Pani\u0105 najbardziej denerwuje w \u017cyciu spo\u0142ecznym? Na co Pani absolutnie nie daje swojej zgody? Co jest dla Pani irytuj\u0105ce? Chodzi mi o obserwacje z Pani do\u015bwiadczenia, czego Pani by zupe\u0142nie nie zaakceptowa\u0142a?<\/b><\/p>\n<p style=\"text-align: justify;\"><b>DB:<\/b> Chamstwa, a najbardziej chamstwa anonimowego. Szczeg\u00f3lnie w internecie. To, co by\u0142o ostatnio na tych wszystkich manifestacjach. Je\u015bli cz\u0142owiek uwa\u017ca, \u017ce powinien bra\u0107 w czym\u015b takim udzia\u0142, to przede wszystkim jako ON \u2013 niech poka\u017ce twarz, poda nazwisko i b\u0119dzie konsekwentny. Ludziom naprawd\u0119 mo\u017cna powiedzie\u0107 r\u00f3\u017cne rzeczy ale w spos\u00f3b kulturalny. A je\u015bli spotykamy si\u0119 z upodleniem, wulgarno\u015bci\u0105\u2026 Gdy po ulicy idzie dziewczyna z ch\u0142opakiem \u2013 on przeklina, ona mu na to pozwala\u2026<\/p>\n<p style=\"text-align: justify;\"><b>AN: Albo czasem przeklina gorzej od niego\u2026<\/b><\/p>\n<p style=\"text-align: justify;\"><b>DB:<\/b> Wtedy pytam: \u201eGdzie byli rodzice?\u201d To wszystko jednak sk\u0105d\u015b si\u0119 wynosi. My te\u017c oczywi\u015bcie czasami przeklinamy, ale wydaje mi si\u0119, \u017ce s\u0105 miejsca, w kt\u00f3rych mo\u017cna sobie na to pozwoli\u0107. Tak jak przeklina\u0142a Kalina J\u0119drusik \u2013 ona to robi\u0142a w ten spos\u00f3b, \u017ce kiedy przeklina\u0142a, to tego s\u0142owa nie da\u0142o si\u0119 zast\u0105pi\u0107 \u017cadnym innym. By\u0142a w tym cudowna. Ale s\u0105 tez r\u00f3\u017cne inne, pi\u0119kne s\u0142owa, kt\u00f3re mo\u017cna wykorzysta\u0107 do tego, \u017ceby pewn\u0105 sytuacj\u0119 roz\u0142adowa\u0107.<\/p>\n<p style=\"text-align: justify;\"><b>AN: A czy widzia\u0142aby si\u0119 Pani w roli recenzenta w takich programach, kt\u00f3re teraz serwuj\u0105 nam r\u00f3\u017cne stacje telewizyjne? Tam, gdzie wychodzi na scen\u0119 m\u0142ody cz\u0142owiek, kt\u00f3remu wydaje si\u0119, \u017ce posiada jaki\u015b talent, a spotyka go do\u015b\u0107 brutalna krytyka. Jak Pani ocenia tak\u0105 sytuacj\u0119?<\/b><\/p>\n<p style=\"text-align: justify;\"><b>DB:<\/b> Mam to szcz\u0119\u015bcie, \u017ce od kilku lat nie mam ju\u017c telewizora, wi\u0119c nie ogl\u0105dam tego wszystkiego. Je\u015bli jest to sensowna, konstruktywna krytyka \u2013 jestem za! Natomiast je\u015bli opowiada si\u0119 bzdety typu: \u201eO Bo\u017ce! Ja dla ciebie bym si\u0119 chyba rozebra\u0142a!\u201d to m\u00f3wi\u0119: \u201eBo\u017ce kochany, m\u00f3wi to kobieta, kt\u00f3ra ma 40 lat\u2026 Jest diw\u0105, artystk\u0105\u2026 Jaki to ma zwi\u0105zek z tym, co on za\u015bpiewa\u0142? Nawet je\u015bli za\u015bpiewa\u0142 genialnie, to chyba s\u0105 jakie\u015b granice?\u201d To jest dla mnie \u017cenuj\u0105ce. Diwa tak si\u0119 nie zachowuje. Lepiej niech nic nie m\u00f3wi \u2013 niech za\u015bpiewa.<\/p>\n<p style=\"text-align: justify;\"><b>AN: Czy przej\u0119\u0142aby Pani zaproszenie do takiego programu, w kt\u00f3rym si\u0119 du\u017co ta\u0144czy? <\/b><\/p>\n<p style=\"text-align: justify;\"><b>DB:<\/b> Ale w jakim charakterze? Mam ta\u0144czy\u0107? Czy, tak jak Zbyszek Wodecki, ocenia\u0107? Je\u015bli mia\u0142abym by\u0107 tak\u0105 dam\u0105 do towarzystwa, jak Zbyszek albo Pani Tyszkiewicz, to mo\u017ce jako\u015b bym si\u0119 w tym odnalaz\u0142a. Ale taniec by\u0142by wyzwaniem. Chocia\u017c nie m\u00f3wi\u0119, \u017ce nie. Jakby dobrze zap\u0142acili? Bo to si\u0119 robi za pieni\u0105dze.<\/p>\n<p style=\"text-align: justify;\"><b>AN: Jaka jest Pani pierwsza, przewodnia my\u015bl, kiedy budzi si\u0119 Pani rano? <\/b><\/p>\n<p style=\"text-align: justify;\"><b>DB:<\/b> Gdy si\u0119 budz\u0119, jestem przede wszystkim szcz\u0119\u015bliwa, \u017ce si\u0119 budz\u0119. Jestem zawsze otwarta i wiem, \u017ce wszystko b\u0119dzie dobrze. Co by nie by\u0142o, zawsze dam sobie ze wszystkim rad\u0119. Cz\u0142owiek dostaje tylko tyle, ile mo\u017ce unie\u015b\u0107. Nikt nie m\u00f3wi\u0142, \u017ce b\u0119dzie przez ca\u0142y czas cacy.<\/p>\n<p style=\"text-align: justify;\"><b>AN: A co, kiedy zdarza\u0142y trudniejsze momenty w \u017cyciu? Co sprawia\u0142o, \u017ce pojawia\u0142o si\u0119 \u201ewybicie\u201d?<\/b><\/p>\n<p style=\"text-align: justify;\"><b>DB:<\/b> M\u00f3j m\u0105\u017c i blisko\u015b\u0107 mojej rodziny. Po to jest rodzina \u2013 \u017ceby wspiera\u0107 si\u0119 w najtrudniejszych momentach. Im jestem starsza, tym bardziej ceni\u0119 sobie takie przyja\u017anie. Przyja\u017a\u0144 to co\u015b, co si\u0119 piel\u0119gnuje przez lata. To wcale nie musi by\u0107 przyja\u017a\u0144, w kt\u00f3rej przez ca\u0142y czas na sobie \u201ewisimy\u201d, \u017ce si\u0119 ca\u0142y czas spotkamy. Mam kilka takich przyjaci\u00f3\u0142, do kt\u00f3rych mog\u0119 zadzwoni\u0107 w \u015brodku nocy i powiedzie\u0107, jaki mam problem. Nawet pieni\u0105dze: \u201eTy mi nie m\u00f3w, na co chcesz. Ty mi powiedz, ile chcesz.\u201d Zawsze stara\u0142am si\u0119 traktowa\u0107 ich z wielk\u0105 mi\u0142o\u015bci\u0105. Kiedy oni do mnie dzwoni\u0105, te\u017c robi\u0119, co mog\u0119. Czasami staj\u0119 na uszach. Na tym mi\u0119dzy innymi polega przyja\u017a\u0144, to takie sprawdzanie siebie. R\u00f3wnie\u017c w Krakowie mam tak\u0105 przyjaci\u00f3\u0142k\u0119. Pracowa\u0142am z ni\u0105 u Maryli Rodowicz. Renatka \u015awierszczy\u0144ska \u2013 naprawd\u0119 pi\u0119kna, \u015bpiewaj\u0105ca kobieta. Ma\u0142o tego! By\u0142am tutaj na jej \u015blubie! Tak, w Dworku Bia\u0142opr\u0105dnickim odbywaj\u0105 si\u0119 \u015bluby. To naprawd\u0119 dobre miejsce, bo jest szcz\u0119\u015bliw\u0105 osob\u0105.<\/p>\n<p style=\"text-align: justify;\"><b>AN: Cz\u0119sto Pani bywa w Krakowie?<\/b><\/p>\n<p style=\"text-align: justify;\"><b>DB:<\/b> Uwielbiam Krak\u00f3w. Moje dziecko kocha Krak\u00f3w. Dzisiaj jecha\u0142am tu z Edyt\u0105 Olsz\u00f3wk\u0105, z kt\u00f3r\u0105 bardzo si\u0119 lubimy. Powiedzia\u0142a mi: \u201e\u2026i p\u00f3jd\u0119 na Kazimierz! Nawet kiedy by\u0142 tak strasznie zaniedbany \u2013 zawsze lubi\u0142am tam chodzi\u0107\u201d A ja b\u0119d\u0119 si\u0119 ociera\u0107 o \u015bciany na Wawelu! Musz\u0119 si\u0119 troch\u0119 pod\u0142adowa\u0107!<\/p>\n<p style=\"text-align: justify;\"><b>AN: Jakie s\u0105 Pani najbli\u017csze plany zawodowe? Gdzie mo\u017cna Pani\u0105 zobaczy\u0107? <\/b><\/p>\n<p style=\"text-align: justify;\"><b>DB:<\/b> Oj, du\u017co si\u0119 dzieje. W przysz\u0142ym tygodniu mam wiecz\u00f3r andrzejkowy, na kt\u00f3rym b\u0119d\u0119 \u015bpiewa\u0142a kilka piosenek. Potem jad\u0119 \u015bwi\u0119towa\u0107 Miko\u0142aja do Szymbarku \u2013 tam, gdzie jest taki dom do g\u00f3ry nogami. Odb\u0119dzie si\u0119 tam dziesi\u0105ty \u201eZlot Miko\u0142aj\u00f3w\u201d. \u015awietna impreza, na kt\u00f3r\u0105 przyje\u017cd\u017caj\u0105 dzieci z dom\u00f3w dziecka. Wszystkim zajmuje si\u0119 Daniel Czapiewski. Jad\u0119 tam r\u00f3wnie\u017c po to, \u017ceby pod\u0142adowa\u0107 swoje akumulatory. Jak widz\u0119 to, co uda\u0142o mu si\u0119 tam zrobi\u0107 przez rok czasu, to my\u015bl\u0119: \u201eNie mo\u017cliwe!\u201d Cudowna impreza gdzie wszyscy si\u0119 bawi\u0105! Potem b\u0119d\u0119 je\u017adzi\u0142a jako kol\u0119dnicza, bo w swoim repertuarze mam r\u00f3wnie\u017c kol\u0119dy. \u015apiewa ze mn\u0105 moje dziecko oraz przyjaciele, z kt\u00f3rymi wsp\u00f3\u0142pracuj\u0119 ju\u017c od d\u0142u\u017cszego czasu. Zazwyczaj robi si\u0119 z tego bardzo rodzinne spotkanie. Chcia\u0142abym \u017ceby\u015bcie Pa\u0144stwo z okazji nadchodz\u0105cych \u015bwi\u0105t otworzyli swoje dzieciaki na wsp\u00f3lne \u015bpiewanie. To s\u0105 takie \u015bwi\u0119ta, kt\u00f3re pami\u0119ta si\u0119 przez ca\u0142e \u017cycie. A kiedy one maj\u0105 si\u0119 tego nauczy\u0107? Gdzie maj\u0105 \u0142ykn\u0105\u0107 tego bakcyla? To jest tak wa\u017cne, tak bardzo cementuje\u2026 M\u00f3wi\u0119, \u017ce \u015bpiewanie kol\u0119dy to tak, jakby cz\u0142owiek modli\u0142 si\u0119 dwa razy.<\/p>\n<p style=\"text-align: justify;\"><b>AN: Co dzisiaj Pani dla nas przygotowa\u0142a?<\/b><\/p>\n<p style=\"text-align: justify;\"><b>DB:<\/b> To s\u0105 piosenki, w kt\u00f3rych wi\u0119kszo\u015b\u0107 teks\u00f3w jest mojego autorstwa. Mam w swoim repertuarze teksty wybitnych artyst\u00f3w, ale czu\u0142am si\u0119 z tego powodu nie do ko\u0144ca usatysfakcjonowana. Nawet je\u015bli \u015bpiewam teksty smutne, to staram si\u0119 zawsze zachowa\u0107 pewn\u0105 doz\u0119 optymizmu. Pr\u00f3buj\u0119 pisa\u0107 o mi\u0142o\u015bci, bo to jest temat przewodni we wszystkich piosenkach. A bez mi\u0142o\u015bci nie ma \u017cycia. Nawet gdy cz\u0142owiek jest chory, to je\u015bli wie, \u017ce jest kochany &#8211; inaczej mu si\u0119 choruje. Najwa\u017cniejsza rzecz na \u015bwiecie to kocha\u0107 i by\u0107 kochanym! Dlatego tak du\u017co mi\u0142o\u015bci w moich piosenkach.<\/p>\n<p style=\"text-align: justify;\"><b>A: Dzi\u0119kuj\u0119 za spotkanie i do zobaczenia! <\/b><\/p>\n<p style=\"text-align: justify;\"><i>Redakcja: Ewelina Szprengel (Image Line Communications)<\/i><\/p>\n","protected":false},"excerpt":{"rendered":"<p>Rozmowa Agaty Niemiec z Danut\u0105 B\u0142a\u017cejczyk Porozmawiajmy o zdrowiu 23 listopada 2013 r. Agata Niemiec: My\u015bl\u0119, \u017ce naszego Go\u015bcia nie trzeba szczeg\u00f3lnie przedstawia\u0107 \u2013 Danuta B\u0142a\u017cejczyk! Bardzo dzi\u0119kuj\u0119 za przyj\u0119cie zaproszenia. Jestem pod ogromnym wra\u017ceniem tego, \u017ce spotykam takie wspania\u0142e kobiety na swojej drodze zawodowej. Jestem zawsze ciekawa naszego Go\u015bcia. Przeczyta\u0142am oczywi\u015bcie du\u017co wywiad\u00f3w i <p><a class=\"readon\" href=\"https:\/\/porozmawiajmyozdrowiu.com\/?p=7249\"><span>czytaj wi\u0119cej...<\/span><\/a><\/p><\/p>\n","protected":false},"author":1,"featured_media":7250,"comment_status":"closed","ping_status":"closed","sticky":false,"template":"","format":"standard","meta":[],"categories":[72],"tags":[],"_links":{"self":[{"href":"https:\/\/porozmawiajmyozdrowiu.com\/index.php?rest_route=\/wp\/v2\/posts\/7249"}],"collection":[{"href":"https:\/\/porozmawiajmyozdrowiu.com\/index.php?rest_route=\/wp\/v2\/posts"}],"about":[{"href":"https:\/\/porozmawiajmyozdrowiu.com\/index.php?rest_route=\/wp\/v2\/types\/post"}],"author":[{"embeddable":true,"href":"https:\/\/porozmawiajmyozdrowiu.com\/index.php?rest_route=\/wp\/v2\/users\/1"}],"replies":[{"embeddable":true,"href":"https:\/\/porozmawiajmyozdrowiu.com\/index.php?rest_route=%2Fwp%2Fv2%2Fcomments&post=7249"}],"version-history":[{"count":1,"href":"https:\/\/porozmawiajmyozdrowiu.com\/index.php?rest_route=\/wp\/v2\/posts\/7249\/revisions"}],"predecessor-version":[{"id":7251,"href":"https:\/\/porozmawiajmyozdrowiu.com\/index.php?rest_route=\/wp\/v2\/posts\/7249\/revisions\/7251"}],"wp:featuredmedia":[{"embeddable":true,"href":"https:\/\/porozmawiajmyozdrowiu.com\/index.php?rest_route=\/wp\/v2\/media\/7250"}],"wp:attachment":[{"href":"https:\/\/porozmawiajmyozdrowiu.com\/index.php?rest_route=%2Fwp%2Fv2%2Fmedia&parent=7249"}],"wp:term":[{"taxonomy":"category","embeddable":true,"href":"https:\/\/porozmawiajmyozdrowiu.com\/index.php?rest_route=%2Fwp%2Fv2%2Fcategories&post=7249"},{"taxonomy":"post_tag","embeddable":true,"href":"https:\/\/porozmawiajmyozdrowiu.com\/index.php?rest_route=%2Fwp%2Fv2%2Ftags&post=7249"}],"curies":[{"name":"wp","href":"https:\/\/api.w.org\/{rel}","templated":true}]}}