{"id":7561,"date":"2015-08-02T21:40:05","date_gmt":"2015-08-02T19:40:05","guid":{"rendered":"http:\/\/porozmawiajmyozdrowiu.com\/?p=7561"},"modified":"2016-10-12T18:19:41","modified_gmt":"2016-10-12T16:19:41","slug":"sport-rozwoj-radosc-fit-weekend-w-bialce-tatrzanskiej-11-13-09-2015-rok","status":"publish","type":"post","link":"https:\/\/porozmawiajmyozdrowiu.com\/?p=7561","title":{"rendered":"Sport, rozw\u00f3j, rado\u015b\u0107 \u2013 fit weekend w Bia\u0142ce Tatrza\u0144skiej, 11- 13.09.2015 rok"},"content":{"rendered":"<p>Ten wrze\u015bniowy weekend dedykujemy w\u0142a\u015bnie Wam! Proponujemy aktywn\u0105 form\u0119 sp\u0119dzania czasu wolnego, z dala od miejskiego zgie\u0142ku, kt\u00f3ra jest efektem po\u0142\u0105czenia sportu i zdrowej diety. Podczas naszych wyjazd\u00f3w krzewimy nie tylko ducha sportu, ale chcemy poszerzy\u0107 w\u0142asne horyzonty i otworzy\u0107 si\u0119 na nowe do\u015bwiadczenia, stawiamy na rozw\u00f3j osobisty.<\/p>\n<p>Oto program:<\/p>\n<p><strong>Pi\u0105tek, 11.09.2015 <\/strong><\/p>\n<p>15:00 &#8211; 17:00 \u2013 przyjazd do pensjonatu\u00a0 Willa Kani\u00f3wka<\/p>\n<p>18:00 &#8211; 19:00 &#8211;\u00a0na dobry pocz\u0105tek BUP \u2013 trener personalny Dorota Szewczyk<\/p>\n<p>20:00 &#8211; 21:00 \u2013 kolacja fit<\/p>\n<p>21.00 &#8211; Impreza integracyjna \u201eOn ta\u0144czy dla nas\u201d<\/p>\n<p>&nbsp;<br \/>\n<strong>Sobota\u00a0 12.09.2015<\/strong><\/p>\n<p>7.:00 \u2013 8.00: &#8211; Wsp\u00f3lna pi\u0105tka- rozruch i slow jogging 5 km\u00a0\u00a0 (zaj\u0119cia na zewn\u0105trz)<\/p>\n<p>8:30 \u2013 9.00\u00a0 \u015bniadanie fit<\/p>\n<p>10.00 &#8211; 13.00\u00a0 &#8211; Strefa Spa &#8211; sauny w termach lub baseny\u00a0 ( Termy Bania)<\/p>\n<p>14.00 &#8211; 15.00 przek\u0105ski fit<\/p>\n<p>15.00 &#8211; 16:30 &#8211;\u00a0Girlfit &#8211; Trening z gumami gtx ( zaj\u0119cia na zewn\u0105trz) \u2013 trener Dorota Szewczyk<\/p>\n<p>16.30 \u2013 17.00 \u2013 Break tea<\/p>\n<p>17.00 \u2013 20.00 Ochota na \u017cycie \u2013 warsztaty rozwojowe z coachem Katarzyna Kuzak<\/p>\n<p>20.00 \u2013 21.00 Kolacja fit<\/p>\n<p>21.00 \u2013 Naparzanie &#8211; noce saunowe w termach ( Termy Bania)<\/p>\n<p>&nbsp;<br \/>\n<strong>Niedziela, 13.09.2015 <\/strong><\/p>\n<p>8.00 \u2013 9.00 \u015bniadanie<\/p>\n<p>9.00 \u2013 11.00\u00a0 kijesamobije \u2013 trening z kijami \u2013 10 km<\/p>\n<p>11.00 \u2013 12.00 kawa, przek\u0105ski fit<\/p>\n<p>12.00 \u2013 14.00 Pilates, streching \u2013 zaj\u0119cia na zewn\u0105trz<\/p>\n<p>14.00- 15.00\u00a0obiad<\/p>\n<p>15.00 zako\u0144czenie, wr\u0119czenie upomink\u00f3w<\/p>\n<p><strong><span style=\"line-height: 115%; font-size: 12.0pt;\">Cena: 450 z\u0142\/ osoba <\/span><\/strong><\/p>\n<p>O trenerach:<\/p>\n<p><strong>Katarzyna Kuzak<\/strong><\/p>\n<p>psycholog, trener i coachem. Jej \u00a0pasj\u0105 jest pomaganie innym w zdobywaniu nowej wiedzy i umiej\u0119tno\u015bci oraz zwi\u0119kszaniu wiary we w\u0142asne mo\u017cliwo\u015bci. \u201e Wierz\u0119, \u017ce ka\u017cdy cz\u0142owiek kryje w sobie ogromny potencja\u0142. Jego wydobywanie sprawia mi wiele rado\u015bci i daje du\u017co satysfakcji. Na co dzie\u0144 robi\u0119 to, co naprawd\u0119 kocham &#8211; prowadz\u0119 w\u0142asn\u0105 firm\u0119 Motywatorium, gdzie spotykam wielu ludzi, czerpi\u0105c od nich mn\u00f3stwo inspiracji oraz towarzysz\u0105c im w rozwoju osobistym i zawodowym\u201d.\u00a0 W Bia\u0142ce oprowadzi warsztat \u201e Ochota na \u017cycie\u201d :<\/p>\n<p>Co przynosi Ci rado\u015b\u0107 na co dzie\u0144?<\/p>\n<p>Czego potrzebujesz, by \u017cy\u0107 pe\u0142ni\u0105 \u017cycia? OCHOTA NA \u017bYCIE \u2013 to radosne ale i wymagaj\u0105ce refleksji zaj\u0119cia. Dzi\u0119ki r\u00f3\u017cnorodnym \u0107wiczeniom uczestniczki b\u0119d\u0105 mia\u0142y okazj\u0119 pozna\u0107 swoje zalety oraz dostrzec dla siebie nowe mo\u017cliwo\u015bci dzia\u0142ania. Zaplanuj\u0105 zmiany w swoim codziennym \u017cyciu, kt\u00f3re przynios\u0105 im rado\u015b\u0107 i zadowolenie\u00a0 z siebie!<\/p>\n<p><strong>Dorota Szewczyk,<\/strong><\/p>\n<p><strong>\u00a0<\/strong>jest trenerem personalnym z d\u0142ugoletnim do\u015bwiadczeniem. Kilkana\u015bcie lat temu z powodzeniem i bez efektu jo-jo zrzuci\u0142a 35 kg nadwagi. Teraz pomagam upora\u0107 si\u0119 z ni\u0105 swoim podopiecznym. Stawia na systematyczne treningi indywidualne. Jest najlepszym przyk\u0142adem na to, i\u017c regularne uprawianie sportu sprzyja nie tylko naszej sylwetce, ale i psychice. Sport pom\u00f3g\u0142 jej wyj\u015b\u0107 na prost\u0105 w \u017cyciu \u2013 i Wy dajcie sobie tak\u0105 szans\u0119 \u2013 zach\u0119ca Dorota.<\/p>\n<p>&nbsp;<\/p>\n<p><strong>Informacje organizacyjne:<\/strong><\/p>\n<p>&#8211; Zamykamy zg\u0142oszenia do <strong>10.08<\/strong>., kt\u00f3re przyjmujemy\u00a0 na adres konferencje (at) imageline.pl<\/p>\n<p>&#8211; Zaliczka w wysoko\u015bci 50%, czyli 225 z\u0142 wp\u0142acamy na numer konta <strong>43-10600076-0000315000148220<\/strong> z adnotacj\u0105 Bia\u0142ka 2015<\/p>\n<p>( prosz\u0119 o podanie imienia, nazwiska osoby uczestnicz\u0105cej w wyje\u017adzie), kolejna kwota, czyli 225 z\u0142\u00a0 do dnia 5.09.2015<\/p>\n<p>&#8211; Ambasadorki POZ otrzymuj\u0105 rabat w wysoko\u015bci 50 z\u0142<\/p>\n<p>&#8211; Dojazd do Bia\u0142ki we w\u0142asnym zakresie<\/p>\n<p>&#8211; podana kwota uwzgl\u0119dnia nocleg w pokojach dwuosobowych<\/p>\n<p>&#8211; Prosimy zabra\u0107 ze sob\u0105: mat\u0119 do \u0107wicze\u0144+ gumy gtx do \u0107wicze\u0144 ( do kupienia w Internecie)<\/p>\n<p>Wszelkie dodatkowe pytania kierujcie na adres: konferencje(at) mageline.pl<\/p>\n<p>Mi\u0142ego dnia! Do zobaczenia, Agata Niemiec<br \/>\n&nbsp;<\/p>\n<p><strong>Polecamy:<\/strong><\/p>\n<p><a href=\"http:\/\/www.willakaniowka.pl\/\"><img loading=\"lazy\" class=\"alignleft wp-image-7563 size-full\" src=\"http:\/\/porozmawiajmyozdrowiu.com\/wp-content\/uploads\/2015\/08\/Kani\u00f3wka.png\" alt=\"Kani\u00f3wka\" width=\"187\" height=\"80\" \/><\/a><\/p>\n<p>&nbsp;<\/p>\n<p>&nbsp;<br \/>\n&nbsp;<\/p>\n<p>&nbsp;<\/p>\n<p><a href=\"http:\/\/www.motywatorium.com\"><img loading=\"lazy\" class=\"alignleft wp-image-7564 size-thumbnail\" src=\"http:\/\/porozmawiajmyozdrowiu.com\/wp-content\/uploads\/2015\/08\/motywatorium.png\" alt=\"motywatorium\" width=\"187\" height=\"42\" \/><\/a><\/p>\n","protected":false},"excerpt":{"rendered":"<p>Ten wrze\u015bniowy weekend dedykujemy w\u0142a\u015bnie Wam! Proponujemy aktywn\u0105 form\u0119 sp\u0119dzania czasu wolnego, z dala od miejskiego zgie\u0142ku, kt\u00f3ra jest efektem po\u0142\u0105czenia sportu i zdrowej diety. Podczas naszych wyjazd\u00f3w krzewimy nie tylko ducha sportu, ale chcemy poszerzy\u0107 w\u0142asne horyzonty i otworzy\u0107 si\u0119 na nowe do\u015bwiadczenia, stawiamy na rozw\u00f3j osobisty. Oto program: Pi\u0105tek, 11.09.2015 15:00 &#8211; 17:00 <p><a class=\"readon\" href=\"https:\/\/porozmawiajmyozdrowiu.com\/?p=7561\"><span>czytaj wi\u0119cej...<\/span><\/a><\/p><\/p>\n","protected":false},"author":1,"featured_media":7566,"comment_status":"closed","ping_status":"closed","sticky":false,"template":"","format":"standard","meta":[],"categories":[6,70],"tags":[],"_links":{"self":[{"href":"https:\/\/porozmawiajmyozdrowiu.com\/index.php?rest_route=\/wp\/v2\/posts\/7561"}],"collection":[{"href":"https:\/\/porozmawiajmyozdrowiu.com\/index.php?rest_route=\/wp\/v2\/posts"}],"about":[{"href":"https:\/\/porozmawiajmyozdrowiu.com\/index.php?rest_route=\/wp\/v2\/types\/post"}],"author":[{"embeddable":true,"href":"https:\/\/porozmawiajmyozdrowiu.com\/index.php?rest_route=\/wp\/v2\/users\/1"}],"replies":[{"embeddable":true,"href":"https:\/\/porozmawiajmyozdrowiu.com\/index.php?rest_route=%2Fwp%2Fv2%2Fcomments&post=7561"}],"version-history":[{"count":9,"href":"https:\/\/porozmawiajmyozdrowiu.com\/index.php?rest_route=\/wp\/v2\/posts\/7561\/revisions"}],"predecessor-version":[{"id":7573,"href":"https:\/\/porozmawiajmyozdrowiu.com\/index.php?rest_route=\/wp\/v2\/posts\/7561\/revisions\/7573"}],"wp:featuredmedia":[{"embeddable":true,"href":"https:\/\/porozmawiajmyozdrowiu.com\/index.php?rest_route=\/wp\/v2\/media\/7566"}],"wp:attachment":[{"href":"https:\/\/porozmawiajmyozdrowiu.com\/index.php?rest_route=%2Fwp%2Fv2%2Fmedia&parent=7561"}],"wp:term":[{"taxonomy":"category","embeddable":true,"href":"https:\/\/porozmawiajmyozdrowiu.com\/index.php?rest_route=%2Fwp%2Fv2%2Fcategories&post=7561"},{"taxonomy":"post_tag","embeddable":true,"href":"https:\/\/porozmawiajmyozdrowiu.com\/index.php?rest_route=%2Fwp%2Fv2%2Ftags&post=7561"}],"curies":[{"name":"wp","href":"https:\/\/api.w.org\/{rel}","templated":true}]}}