{"id":7766,"date":"2016-04-08T13:14:00","date_gmt":"2016-04-08T11:14:00","guid":{"rendered":"http:\/\/porozmawiajmyozdrowiu.com\/?p=7766"},"modified":"2016-10-12T18:19:08","modified_gmt":"2016-10-12T16:19:08","slug":"meskim-okiem-na-porozmawiajmy-o-zdrowiu","status":"publish","type":"post","link":"https:\/\/porozmawiajmyozdrowiu.com\/?p=7766","title":{"rendered":"M\u0119skim okiem na Porozmawiajmy o zdrowiu!"},"content":{"rendered":"<p align=\"justify\"><strong>Ju\u017c 15 kwietnia o godz. 17:00 kolejne spotkanie z cyklu Porozmawiajmy o zdrowiu. Tym razem naszym go\u015bciem specjalnym b\u0119dzie Jasiek Mela! Ale rozmowa dotyczy\u0107 b\u0119dzie tak\u017ce tematu, kt\u00f3rego do tej pory nie poruszali\u015bmy, a mianowicie medycyny m\u0119skiej. Zapraszamy serdecznie wszystkich zainteresowanych!<br \/>\n<\/strong><\/p>\n<p align=\"justify\">15 kwietnia porozmawiamy z Ja\u015bkiem Mel\u0105. Najm\u0142odszym w historii zdobywc\u0105 dw\u00f3ch biegun\u00f3w \u2013 p\u00f3\u0142nocnego i po\u0142udniowego w ci\u0105gu jednego roku i jednocze\u015bnie jedynym niepe\u0142nosprawnym, kt\u00f3ry tego dokona\u0142. Jasiek Mela to posta\u0107 niezwyk\u0142a, za\u0142o\u017cyciel fundacji \u201ePoza Horyzonty\u201d, ch\u0142opak z pasj\u0105, mi\u0142o\u015bci\u0105 do \u017cycia i zapa\u0142em do spe\u0142niania marze\u0144.<\/p>\n<p align=\"justify\">Kolejnym naszym go\u015bciem b\u0119dzie dr n.med. Ewa Kempisty-Jeznach. Jedyny w Polsce lekarz medycyny m\u0119skiej z certyfikatem Lekarza od Zdrowia M\u0119\u017cczyzn (M\u00e4nner\u00e4rztin CMI). Z pani\u0105 doktor porozmawiamy w\u0142a\u015bnie o medycynie m\u0119\u017cczyzn, o tym czym ona jest, jak wygl\u0105da nowoczesne, kompleksowe leczenie oraz profilaktyka zdrowia m\u0119\u017cczyzn.<\/p>\n<p align=\"justify\">Jak zwykle nie zabraknie wa\u017cnych go\u015bci, ciekawych temat\u00f3w i inspiruj\u0105cych rozm\u00f3w, a tak\u017ce loterii z upominkami :)<\/p>\n<p align=\"justify\"><strong>Spotkanie odb\u0119dzie si\u0119 15 kwietnia o godz. 17:00 w Sali Hotelu Pod Wawelem (Plac na Groblach 22, Krak\u00f3w).<\/strong> Zapraszamy wszystkich serdecznie!<\/p>\n<p>Prosimy o potwierdzenie obecno\u015bci na <a href=\"mailto:konferencje@imageline.pl\">konferencje@imageline.pl<\/a> lub telefonicznie 503 164 521. Wst\u0119p wolny!<\/p>\n<p>&nbsp;<\/p>\n<p style=\"text-align: center;\"><a id=\"button-1864001523\" href=\"http:\/\/porozmawiajmyozdrowiu.com\/?page_id=7396\" target=\"_self\" class=\"button_sc small\" ><span><i class=\"Default-calendar\"><\/i>  SZCZEG\u00d3\u0141OWY PROGRAM<\/span><\/a><style type=\"text\/css\">#button-1864001523 {background-color: #5D6A94!important; border-color: #5D6A94!important;}#button-1864001523 span {color: #ffffff!important;}<\/style><\/p>\n","protected":false},"excerpt":{"rendered":"<p>Ju\u017c 15 kwietnia o godz. 17:00 kolejne spotkanie z cyklu Porozmawiajmy o zdrowiu. Tym razem naszym go\u015bciem specjalnym b\u0119dzie Jasiek Mela! Ale rozmowa dotyczy\u0107 b\u0119dzie tak\u017ce tematu, kt\u00f3rego do tej pory nie poruszali\u015bmy, a mianowicie medycyny m\u0119skiej. Zapraszamy serdecznie wszystkich zainteresowanych! 15 kwietnia porozmawiamy z Ja\u015bkiem Mel\u0105. Najm\u0142odszym w historii zdobywc\u0105 dw\u00f3ch biegun\u00f3w \u2013 p\u00f3\u0142nocnego <p><a class=\"readon\" href=\"https:\/\/porozmawiajmyozdrowiu.com\/?p=7766\"><span>czytaj wi\u0119cej...<\/span><\/a><\/p><\/p>\n","protected":false},"author":1,"featured_media":7772,"comment_status":"closed","ping_status":"closed","sticky":false,"template":"","format":"standard","meta":[],"categories":[70],"tags":[],"_links":{"self":[{"href":"https:\/\/porozmawiajmyozdrowiu.com\/index.php?rest_route=\/wp\/v2\/posts\/7766"}],"collection":[{"href":"https:\/\/porozmawiajmyozdrowiu.com\/index.php?rest_route=\/wp\/v2\/posts"}],"about":[{"href":"https:\/\/porozmawiajmyozdrowiu.com\/index.php?rest_route=\/wp\/v2\/types\/post"}],"author":[{"embeddable":true,"href":"https:\/\/porozmawiajmyozdrowiu.com\/index.php?rest_route=\/wp\/v2\/users\/1"}],"replies":[{"embeddable":true,"href":"https:\/\/porozmawiajmyozdrowiu.com\/index.php?rest_route=%2Fwp%2Fv2%2Fcomments&post=7766"}],"version-history":[{"count":2,"href":"https:\/\/porozmawiajmyozdrowiu.com\/index.php?rest_route=\/wp\/v2\/posts\/7766\/revisions"}],"predecessor-version":[{"id":7775,"href":"https:\/\/porozmawiajmyozdrowiu.com\/index.php?rest_route=\/wp\/v2\/posts\/7766\/revisions\/7775"}],"wp:featuredmedia":[{"embeddable":true,"href":"https:\/\/porozmawiajmyozdrowiu.com\/index.php?rest_route=\/wp\/v2\/media\/7772"}],"wp:attachment":[{"href":"https:\/\/porozmawiajmyozdrowiu.com\/index.php?rest_route=%2Fwp%2Fv2%2Fmedia&parent=7766"}],"wp:term":[{"taxonomy":"category","embeddable":true,"href":"https:\/\/porozmawiajmyozdrowiu.com\/index.php?rest_route=%2Fwp%2Fv2%2Fcategories&post=7766"},{"taxonomy":"post_tag","embeddable":true,"href":"https:\/\/porozmawiajmyozdrowiu.com\/index.php?rest_route=%2Fwp%2Fv2%2Ftags&post=7766"}],"curies":[{"name":"wp","href":"https:\/\/api.w.org\/{rel}","templated":true}]}}