{"id":7803,"date":"2016-07-26T20:00:56","date_gmt":"2016-07-26T18:00:56","guid":{"rendered":"http:\/\/porozmawiajmyozdrowiu.com\/?p=7803"},"modified":"2016-10-12T18:19:08","modified_gmt":"2016-10-12T16:19:08","slug":"nagroda-kobieta-i-profilaktyka-zglaszajcie-swoje-kandydatki-i-kandydatow","status":"publish","type":"post","link":"https:\/\/porozmawiajmyozdrowiu.com\/?p=7803","title":{"rendered":"Nagroda \u201eKobieta i Profilaktyka\u201d \u2013 zg\u0142aszajcie swoje Kandydatki i Kandydat\u00f3w"},"content":{"rendered":"<p >10 wrze\u015bnia 2016 r.w Auli Akademii Sztuk Pi\u0119knych w Krakowie  odb\u0119dzie si\u0119 Jubileusz &bdquo;Porozmawiajmy o zdrowiu&rdquo;. W programie m.in.debaty  dotycz\u0105ce profilaktyki, chor\u00f3b cywilizacyjnych, zdrowia w Krakowie, stoiska  firm kosmetycznych i medycznych, a tak\u017ce\u2026 uroczyste wr\u0119czenie wyr\u00f3\u017cnienia  &bdquo;Kobieta i Profilaktyka&rdquo;!<\/p>\n<p >Chcemy, aby\u015bcie mieli w tym sw\u00f3j udzia\u0142. Dlatego je\u015bli  znacie osob\u0119, kt\u00f3ra aktywnie dzia\u0142a w obszarze promocji zdrowia na terenie  Ma\u0142opolski, cenicie j\u0105 za jej inicjatywy i pomys\u0142y, uwa\u017cacie, \u017ce zas\u0142uguje na  nagrod\u0119 &bdquo;Kobieta i Profilaktyka&rdquo;, to zg\u0142o\u015bcie jej  nazwisko do nas!<br \/>\n  Czekamy na nazwiska os\u00f3b, kt\u00f3re wed\u0142ug Was powinny  otrzyma\u0107 to wyr\u00f3\u017cnienie! Zg\u0142aszajcie nazwiska na Facebooku <a href=\"https:\/\/www.facebook.com\/Porozmawiajmy-o-zdrowiu--240804063864\/\">https:\/\/www.facebook.com\/Porozmawiajmy-o-zdrowiu&#8211;240804063864\/<\/a> lub mailowo: <a href=\"mailto:magda.jedrzejek@imageline.pl\">magda.jedrzejek@imageline.pl<\/a><\/p>\n<p >A mo\u017ce sama\/sam jeste\u015b osob\u0105,  kt\u00f3ra zas\u0142uguje na to wyr\u00f3\u017cnienie? Napisz do nas!<\/p>\n<p >Czekamy na Wasze zg\u0142oszenia!<\/p>\n","protected":false},"excerpt":{"rendered":"<p>10 wrze\u015bnia 2016 r.w Auli Akademii Sztuk Pi\u0119knych w Krakowie odb\u0119dzie si\u0119 Jubileusz &bdquo;Porozmawiajmy o zdrowiu&rdquo;. W programie m.in.debaty dotycz\u0105ce profilaktyki, chor\u00f3b cywilizacyjnych, zdrowia w Krakowie, stoiska firm kosmetycznych i medycznych, a tak\u017ce\u2026 uroczyste wr\u0119czenie wyr\u00f3\u017cnienia &bdquo;Kobieta i Profilaktyka&rdquo;! Chcemy, aby\u015bcie mieli w tym sw\u00f3j udzia\u0142. Dlatego je\u015bli znacie osob\u0119, kt\u00f3ra aktywnie dzia\u0142a w obszarze <p><a class=\"readon\" href=\"https:\/\/porozmawiajmyozdrowiu.com\/?p=7803\"><span>czytaj wi\u0119cej...<\/span><\/a><\/p><\/p>\n","protected":false},"author":1,"featured_media":7804,"comment_status":"closed","ping_status":"closed","sticky":false,"template":"","format":"standard","meta":[],"categories":[6,71],"tags":[],"_links":{"self":[{"href":"https:\/\/porozmawiajmyozdrowiu.com\/index.php?rest_route=\/wp\/v2\/posts\/7803"}],"collection":[{"href":"https:\/\/porozmawiajmyozdrowiu.com\/index.php?rest_route=\/wp\/v2\/posts"}],"about":[{"href":"https:\/\/porozmawiajmyozdrowiu.com\/index.php?rest_route=\/wp\/v2\/types\/post"}],"author":[{"embeddable":true,"href":"https:\/\/porozmawiajmyozdrowiu.com\/index.php?rest_route=\/wp\/v2\/users\/1"}],"replies":[{"embeddable":true,"href":"https:\/\/porozmawiajmyozdrowiu.com\/index.php?rest_route=%2Fwp%2Fv2%2Fcomments&post=7803"}],"version-history":[{"count":2,"href":"https:\/\/porozmawiajmyozdrowiu.com\/index.php?rest_route=\/wp\/v2\/posts\/7803\/revisions"}],"predecessor-version":[{"id":7806,"href":"https:\/\/porozmawiajmyozdrowiu.com\/index.php?rest_route=\/wp\/v2\/posts\/7803\/revisions\/7806"}],"wp:featuredmedia":[{"embeddable":true,"href":"https:\/\/porozmawiajmyozdrowiu.com\/index.php?rest_route=\/wp\/v2\/media\/7804"}],"wp:attachment":[{"href":"https:\/\/porozmawiajmyozdrowiu.com\/index.php?rest_route=%2Fwp%2Fv2%2Fmedia&parent=7803"}],"wp:term":[{"taxonomy":"category","embeddable":true,"href":"https:\/\/porozmawiajmyozdrowiu.com\/index.php?rest_route=%2Fwp%2Fv2%2Fcategories&post=7803"},{"taxonomy":"post_tag","embeddable":true,"href":"https:\/\/porozmawiajmyozdrowiu.com\/index.php?rest_route=%2Fwp%2Fv2%2Ftags&post=7803"}],"curies":[{"name":"wp","href":"https:\/\/api.w.org\/{rel}","templated":true}]}}