{"id":7970,"date":"2017-04-26T12:38:29","date_gmt":"2017-04-26T10:38:29","guid":{"rendered":"http:\/\/porozmawiajmyozdrowiu.com\/?p=7970"},"modified":"2017-04-26T13:57:48","modified_gmt":"2017-04-26T11:57:48","slug":"wielka-wymiana-serc-juz-29-kwietnia-pod-patronatem-romow-o-zdrowiu","status":"publish","type":"post","link":"https:\/\/porozmawiajmyozdrowiu.com\/?p=7970","title":{"rendered":"Wielka Wymiana Serc\u201d ju\u017c 29 kwietnia pod patronatem \u201eRozm\u00f3w o zdrowiu\u201d"},"content":{"rendered":"<p>Fundacja 3-4-Start zaprasza do udzia\u0142u w akcji charytatywnej ,,Wielka Wymiana Serc\u201d, kt\u00f3ra odb\u0119dzie si\u0119 29 kwietnia w Zaje\u017adzie Celtyckim w Zakrzowie ko\u0142o Krakowa.<\/p>\n<p>,,Wielka Wymiana Serc\u201d ju\u017c 29 kwietnia!<\/p>\n<p><a href=\"http:\/\/www.fundacja3-4-start.pl\" target=\"_blank\">http:\/\/www.fundacja3-4-start.pl<\/a><\/p>\n<p>G\u0142\u00f3wnym celem akcji jest poprawa \u015bwiadomo\u015bci dotycz\u0105cej wp\u0142ywu czynnik\u00f3w zewn\u0119trznych na zdrowie fizyczne i psychiczne oraz dobre samopoczucie.<\/p>\n<p>W czasie wydarzenia poruszany b\u0119dzie r\u00f3wnie\u017c temat profilaktyki zdrowotnej oraz zbierane b\u0119d\u0105 \u015brodki finansowe na rzecz podopiecznych fundacji, kt\u00f3re umo\u017cliwi\u0105 zakup mikroskopu do badania \u017cywej kropli krwi.<\/p>\n<p>Wiosna, gdy wszystko budzi si\u0119 do \u017cycia, jest idealnym czasem, by \u017cycie celebrowa\u0107 i mu pomaga\u0107. To doskona\u0142y moment, by kwit\u0142y nie tylko kwiaty, lecz by rozkwita\u0142o dobro w naszych sercach. Dzi\u0119ki Fundacji Kibicujemy \u017byciu w trakcie spotkania b\u0119dzie mo\u017cna odda\u0107 krew, a przedstawiciele fundacji DKMS rozwiej\u0105 w\u0105tpliwo\u015bci dotycz\u0105ce tematu oddawania szpiku kostnego oraz zarejestruj\u0105 wszystkich ch\u0119tnych potencjalnych dawc\u00f3w.<\/p>\n<p>Wydarzenie to b\u0119dzie tak\u017ce doskona\u0142\u0105 okazj\u0105 do udzia\u0142u w licznych prelekcjach, warsztatach i szkoleniach prowadzonych przez specjalist\u00f3w z zakresu zdrowia, biznesu, motywacji, finans\u00f3w i prawa.<\/p>\n<p>W programie wydarzenia zaplanowano m.in. warsztaty edukacyjne dla dzieci, mo\u017cliwo\u015b\u0107 poddania si\u0119 specjalistycznej analizie sk\u0142adu cia\u0142a wraz z jej interpretacj\u0105 oraz bezp\u0142atn\u0105 porad\u0105 dietetyka dostosowan\u0105 do potrzeb\/interpretacji wyniku analizy cia\u0142a.<\/p>\n<p>Szczeg\u00f3\u0142owy program wydarzenia dost\u0119pny jest na stronie fundacji.<\/p>\n<p>Organizator:<\/p>\n<p>Fundacja 3-4-Start<\/p>\n<p>30-735 Krak\u00f3w<\/p>\n<p>ul.Kacza 11a<\/p>\n<p>KRS 0000635990<\/p>\n<p>&nbsp;<\/p>\n<p>Koordynatorzy projektu:<\/p>\n<p>Klaudia Czapkiewicz \u2013Zi\u00f3\u0142ek tel.730343452 Urszula D\u0105browska- Czapkiewicz tel. 730343450<\/p>\n","protected":false},"excerpt":{"rendered":"<p>Fundacja 3-4-Start zaprasza do udzia\u0142u w akcji charytatywnej ,,Wielka Wymiana Serc\u201d, kt\u00f3ra odb\u0119dzie si\u0119 29 kwietnia w Zaje\u017adzie Celtyckim w Zakrzowie ko\u0142o Krakowa. ,,Wielka Wymiana Serc\u201d ju\u017c 29 kwietnia! http:\/\/www.fundacja3-4-start.pl G\u0142\u00f3wnym celem akcji jest poprawa \u015bwiadomo\u015bci dotycz\u0105cej wp\u0142ywu czynnik\u00f3w zewn\u0119trznych na zdrowie fizyczne i psychiczne oraz dobre samopoczucie. W czasie wydarzenia poruszany b\u0119dzie r\u00f3wnie\u017c temat <p><a class=\"readon\" href=\"https:\/\/porozmawiajmyozdrowiu.com\/?p=7970\"><span>czytaj wi\u0119cej...<\/span><\/a><\/p><\/p>\n","protected":false},"author":1,"featured_media":7971,"comment_status":"closed","ping_status":"open","sticky":false,"template":"","format":"standard","meta":[],"categories":[6,71],"tags":[],"_links":{"self":[{"href":"https:\/\/porozmawiajmyozdrowiu.com\/index.php?rest_route=\/wp\/v2\/posts\/7970"}],"collection":[{"href":"https:\/\/porozmawiajmyozdrowiu.com\/index.php?rest_route=\/wp\/v2\/posts"}],"about":[{"href":"https:\/\/porozmawiajmyozdrowiu.com\/index.php?rest_route=\/wp\/v2\/types\/post"}],"author":[{"embeddable":true,"href":"https:\/\/porozmawiajmyozdrowiu.com\/index.php?rest_route=\/wp\/v2\/users\/1"}],"replies":[{"embeddable":true,"href":"https:\/\/porozmawiajmyozdrowiu.com\/index.php?rest_route=%2Fwp%2Fv2%2Fcomments&post=7970"}],"version-history":[{"count":3,"href":"https:\/\/porozmawiajmyozdrowiu.com\/index.php?rest_route=\/wp\/v2\/posts\/7970\/revisions"}],"predecessor-version":[{"id":7974,"href":"https:\/\/porozmawiajmyozdrowiu.com\/index.php?rest_route=\/wp\/v2\/posts\/7970\/revisions\/7974"}],"wp:featuredmedia":[{"embeddable":true,"href":"https:\/\/porozmawiajmyozdrowiu.com\/index.php?rest_route=\/wp\/v2\/media\/7971"}],"wp:attachment":[{"href":"https:\/\/porozmawiajmyozdrowiu.com\/index.php?rest_route=%2Fwp%2Fv2%2Fmedia&parent=7970"}],"wp:term":[{"taxonomy":"category","embeddable":true,"href":"https:\/\/porozmawiajmyozdrowiu.com\/index.php?rest_route=%2Fwp%2Fv2%2Fcategories&post=7970"},{"taxonomy":"post_tag","embeddable":true,"href":"https:\/\/porozmawiajmyozdrowiu.com\/index.php?rest_route=%2Fwp%2Fv2%2Ftags&post=7970"}],"curies":[{"name":"wp","href":"https:\/\/api.w.org\/{rel}","templated":true}]}}