{"id":7994,"date":"2017-06-14T09:42:03","date_gmt":"2017-06-14T07:42:03","guid":{"rendered":"http:\/\/porozmawiajmyozdrowiu.com\/?p=7994"},"modified":"2017-06-14T09:42:23","modified_gmt":"2017-06-14T07:42:23","slug":"projekt-ustawy-dotyczacy-ograniczenia-stosowania-solariow-juz-w-sejmie","status":"publish","type":"post","link":"https:\/\/porozmawiajmyozdrowiu.com\/?p=7994","title":{"rendered":"Projekt ustawy dotycz\u0105cy ograniczenia stosowania solari\u00f3w ju\u017c w Sejmie"},"content":{"rendered":"<p align=\"center\"><strong>25 maja 2017 roku, Kancelaria Prezydenta Andrzeja Dudy przes\u0142a\u0142a do Sejmu projekt ustawy o ochronie zdrowia przed nast\u0119pstwami korzystania z solarium. Regulacja \u00a0powsta\u0142a dzi\u0119ki inicjatywie Akademii Czerniaka, sekcji naukowej Polskiego Towarzystwa Chirurgii Onkologicznej i dotyczy zakazu korzystania z solarium przez dzieci i m\u0142odzie\u017c do 18. roku \u017cycia.<\/strong><\/p>\n<p>&nbsp;<\/p>\n<p align=\"justify\">25 maja Kancelaria Prezydenta przes\u0142a\u0142a do Marsza\u0142ka Sejmu projekt prezydenckiej ustawy o ochronie zdrowia przed nast\u0119pstwami korzystania z solarium, kt\u00f3rej nadrz\u0119dnym celem jest ograniczenie zachorowa\u0144 na nowotwory sk\u00f3ry. Ustawa, poprzez wprowadzenie zakazu korzystania z solarium w\u015br\u00f3d ma\u0142oletnich, ma tak\u017ce przyczyni\u0107 si\u0119 do podniesienia \u015bwiadomo\u015bci spo\u0142ecznej na temat\u00a0 szkodliwo\u015bci\u00a0 sztucznego promieniowania UV, w tym w szczeg\u00f3lno\u015bci w\u015br\u00f3d os\u00f3b korzystaj\u0105cych z urz\u0105dze\u0144 opalaj\u0105cych.<\/p>\n<p align=\"justify\"><em>\u201eAkademia Czerniaka oraz Polskie Towarzystwo Chirurgii Onkologicznej od lat stara\u0142o si\u0119 o uregulowanie sprawy korzystania z solarium, gdy\u017c w Polsce na ten moment dost\u0119p do solari\u00f3w nie podlega \u017cadnym regulacjom. W grudniu 2016 r. zg\u0142osili\u015bmy si\u0119 do Narodowej Rady Rozwoju, eksperckiego cia\u0142a doradczego Prezydenta z pro\u015bb\u0105 o wsparcie naszych dzia\u0142a\u0144. Cieszymy si\u0119 niezmiernie, \u017ce Kancelaria potraktowa\u0142a projekt priorytetowo i tak szybko przedstawi\u0142a prezydencki projekt Ustawy. G\u0142\u0119boko wierzymy, \u017ce ju\u017c w ci\u0105gu kilkunastu lat po przyj\u0119ciu przez Sejm ustawy, b\u0119dziemy widzie\u0107 pozytywne efekty tej regulacji, w postaci zmniejszenia liczby zachorowa\u0144 na czerniaki\u201d \u2013<\/em> komentuje prof. n. med. Piotr Rutkowski, Kierownik Kliniki Nowotwor\u00f3w Tkanek Mi\u0119kkich, Ko\u015bci i Czerniak\u00f3w, Centrum Onkologii \u2013 Instytut im. Marii Sk\u0142odowskiej \u2013 Curie w Warszawie, Past-Prezes Polskiego Towarzystwa Chirurgii Onkologicznej, Przewodnicz\u0105cy Rady Naukowej Akademii Czerniaka.<\/p>\n<p align=\"justify\">Zaproponowana przez Prezydenta Ustawa jest dokumentem opracowanym we wsp\u00f3\u0142pracy z Sekcj\u0105 Ochrony Zdrowia Narodowej Rady Rozwoju przy Prezydencie. Ustawa opiera swoje przepisy na g\u0142\u0119bokiej analizie dokument\u00f3w prawnych obowi\u0105zuj\u0105cych w Polsce oraz Unii Europejskiej.<\/p>\n<p align=\"justify\"><em>Brak polskich regulacji w zakresie korzystania z solari\u00f3w, rozpoznanie sytuacji \u00a0epidemiologicznej oraz poziomu \u015bwiadomo\u015bci spo\u0142ecznej na temat szkodliwo\u015bci promieniowania UV, w tym w szczeg\u00f3lno\u015bci solari\u00f3w, spowodowa\u0142a i\u017c\u00a0prace nad ustaw\u0105 zosta\u0142y potraktowane priorytetowo.\u00a0 Niezwykle istotny wp\u0142yw dla sprawnego przebiegu prac\u00a0 mia\u0142o \u00a0osobiste zaanga\u017cowanie prof. n. med. Piotra Czauderny, Koordynatora Sekcji Ochrony Zdrowia, kt\u00f3remu szczeg\u00f3lnie bliskie s\u0105 sprawy onkologii dzieci\u0119cej i\u00a0pediatrii. Dzi\u0119ki temu w ci\u0105gu kilku miesi\u0119cy uda\u0142o nam si\u0119 przygotowa\u0107 kompleksowy dokument\u201d \u2013 <\/em>komentuje prace nad ustaw\u0105 profesor Piotr Radziszewski, przedstawiciel Narodowej Rady Rozwoju.<\/p>\n<p>&nbsp;<\/p>\n<p><strong>Zakres regulacji\u00a0 <\/strong><\/p>\n<p>Projekt ustawy przewiduje wprowadzenie trzech rozwi\u0105za\u0144:<\/p>\n<ol>\n<li>ca\u0142kowity zakaz korzystania z solari\u00f3w przez osoby, kt\u00f3re nie uko\u0144czy\u0142y 18. roku \u017cycia (jest to rozwi\u0105zanie analogiczne do wyst\u0119puj\u0105cego w ustawie o wychowaniu w\u00a0trze\u017awo\u015bci i przeciwdzia\u0142aniu alkoholizmowi oraz ustawie o ochronie zdrowia przed nast\u0119pstwami u\u017cywania tytoniu i\u00a0wyrob\u00f3w tytoniowych, gdy\u017c uznano, \u017ce\u00a0jest to najskuteczniejsza metoda zapobiegania systematycznie rosn\u0105cej zachorowalno\u015bci na czerniaka z\u0142o\u015bliwego w\u015br\u00f3d m\u0142odego pokolenia);<\/li>\n<li>obowi\u0105zek zamieszczania w miejscach udost\u0119pniania solari\u00f3w informacji o ryzyku zwi\u0105zanym z korzystaniem z solarium i ekspozycj\u0105 na sztuczne promieniowanie UV w miejscach, w kt\u00f3rych dost\u0119pne s\u0105 solaria;<\/li>\n<li>ca\u0142kowity zakaz reklamy us\u0142ug w zakresie udost\u0119pniania solari\u00f3w \u2013 opalona sk\u00f3ra cz\u0119sto reklamowana jest w\u00a0skojarzeniu ze zdrowym i zadbanym cia\u0142em, a us\u0142ugi solaryjne realizowane s\u0105 w kompleksach sportowych, spa i innych miejscach, kt\u00f3rych klientami s\u0105 osoby dbaj\u0105ce o zdrowie i wygl\u0105d. To mo\u017ce wywo\u0142ywa\u0107 skojarzenie, i\u017c opalenizna jest zdrowa lub bezpieczna.<\/li>\n<\/ol>\n<p align=\"justify\"><em>\u201eNie ma bezpiecznej dawki promieniowaniu UV czy bezpiecznego \u00a0korzystania z solarium. Ekspozycja na\u00a0promieniowanie UV jest tak samo niebezpiecznym czynnikiem kancerogennym, jak palenie papieros\u00f3w czy wdychanie azbestu\u201d \u2013<\/em> podkre\u015bla prof. Piotr Rutkowski. \u201e<em>W Polsce \u015bwiadomo\u015b\u0107 w tym zakresie jest bardzo niska. Tymczasem ju\u017c kilkukrotne skorzystanie z solarium przez osoby poni\u017cej 30. roku \u017cycia powoduje wzrost zagro\u017cenia wyst\u0105pienia nowotworu sk\u00f3ry a\u017c o 75%, jednokrotne skorzystanie z solarium \u2013 o 20%\u201d \u2013 <\/em>przestrzega prof. Rutkowski.<\/p>\n<p align=\"justify\">Nadmierna ekspozycja na promieniowanie UV jest niebezpieczna dla wszystkich grup wiekowych, jednak najbardziej nara\u017cone na jej negatywne skutki s\u0105 dzieci i\u00a0m\u0142odzie\u017c. Sk\u00f3ra os\u00f3b m\u0142odych nie jest jeszcze w pe\u0142ni dojrza\u0142a, co\u00a0znacznie zwi\u0119ksza ryzyko zachorowania na choroby nowotworowe sk\u00f3ry. Dlatego te\u017c dost\u0119p do solari\u00f3w dla ma\u0142oletnich musi zosta\u0107 uregulowany.<\/p>\n<p align=\"justify\"><em>Skierowywany przez Prezydenta projekt Ustawy jest dokumentem \u00a0eksperckim, odnosz\u0105cym si\u0119 do stanu prawnego oraz wiedzy medycznej i wynik\u00f3w dost\u0119pnych bada\u0144 realizowanych przez niezale\u017cne \u015bwiatowe o\u015brodki. Wierzymy, \u017ce\u00a0to podej\u015bcie eksperckie oraz wa\u017cny spo\u0142ecznie i zdrowotnie temat pozwoli na uzyskanie szerokiego poparcia w\u00a0Parlamencie i szybkie procedowanie dokumentu\u201d \u2013 <\/em>dodaje prof. Piotr Radziszewski, przedstawiciel Narodowej Rady Rozwoju.<\/p>\n<p align=\"justify\"><strong>Edukacja <\/strong><\/p>\n<p align=\"justify\">Wed\u0142ug dost\u0119pnych danych, szybka i wczesna diagnoza zwi\u0119ksza szanse na wyleczenie, kt\u00f3re ponadto jest du\u017co kr\u00f3tsze i ta\u0144sze (zmniejszenie zaawansowania nowotworu o 10% zmniejsza koszty leczenia a\u017c o 30%). Dlatego te\u017c Akademia Czerniaka wraz z Fundacj\u0105 \u201eGwiazda Nadziei\u201d, w ramach kampanii \u201eZnami\u0119! Znam je?\u201d, ju\u017c od kilku lat prowadzi w szko\u0142ach edukacj\u0119 dotycz\u0105c\u0105 ochrony sk\u00f3ry oraz umiej\u0119tno\u015bci rozpoznawania czerniaka. Dodatkowo w\u00a0maju organizowany jest Tydzie\u0144 \u015awiadomo\u015bci Czerniaka, kiedy do opinii publicznej za po\u015brednictwem medi\u00f3w i\u00a0dzia\u0142a\u0144 w social mediach kierowane s\u0105 komunikaty na temat profilaktyki pierwotnej i wt\u00f3rnej czerniaka. W tym roku edukacja realizowana jest pod has\u0142em \u201e#7W przeciwko czerniakowi\u201d.<\/p>\n<p>Projekt Ustawy wraz z uzasadnieniem dost\u0119pny jest na stronie Kancelarii Prezydenta: <a href=\"http:\/\/www.prezydent.pl\/prawo\/ustawy\/zgloszone\/art,11,projekt-ustawy-prezydenta-rp-dotyczacy-ochrony-zdrowia-przed-nastepstwami-korzystania-z-solarium.html\">http:\/\/www.prezydent.pl\/prawo\/ustawy\/zgloszone\/art,11,projekt-ustawy-prezydenta-rp-dotyczacy-ochrony-zdrowia-przed-nastepstwami-korzystania-z-solarium.html<\/a><\/p>\n<p>Informacja o Akademii Czerniaka i realizowanych przez ni\u0105 dzia\u0142aniach dost\u0119pna jest na stronie: <a href=\"http:\/\/www.akademiaczerniaka.pl\">www.akademiaczerniaka.pl<\/a><\/p>\n<p>&nbsp;<\/p>\n<p>Materia\u0142y kampanii \u201e#7W przeciwko czerniakowi\u201d dost\u0119pnie s\u0105 pod linkami:<\/p>\n<p><a href=\"https:\/\/www.facebook.com\/znamieznamje\">https:\/\/www.facebook.com\/znamieznamje<\/a><\/p>\n<p><a href=\"https:\/\/www.youtube.com\/user\/AkademiaCzerniaka\">https:\/\/www.youtube.com\/user\/AkademiaCzerniaka<\/a><\/p>\n<p><a href=\"http:\/\/www.akademiaczerniaka.pl\/aktualnosci\/tydzien-swiadomosci-czerniaka\/\">http:\/\/www.akademiaczerniaka.pl\/aktualnosci\/tydzien-swiadomosci-czerniaka\/<\/a><\/p>\n<p>&nbsp;<\/p>\n","protected":false},"excerpt":{"rendered":"<p>25 maja 2017 roku, Kancelaria Prezydenta Andrzeja Dudy przes\u0142a\u0142a do Sejmu projekt ustawy o ochronie zdrowia przed nast\u0119pstwami korzystania z solarium. Regulacja \u00a0powsta\u0142a dzi\u0119ki inicjatywie Akademii Czerniaka, sekcji naukowej Polskiego Towarzystwa Chirurgii Onkologicznej i dotyczy zakazu korzystania z solarium przez dzieci i m\u0142odzie\u017c do 18. roku \u017cycia. &nbsp; 25 maja Kancelaria Prezydenta przes\u0142a\u0142a do Marsza\u0142ka <p><a class=\"readon\" href=\"https:\/\/porozmawiajmyozdrowiu.com\/?p=7994\"><span>czytaj wi\u0119cej...<\/span><\/a><\/p><\/p>\n","protected":false},"author":1,"featured_media":7995,"comment_status":"closed","ping_status":"open","sticky":false,"template":"","format":"standard","meta":[],"categories":[6,71],"tags":[],"_links":{"self":[{"href":"https:\/\/porozmawiajmyozdrowiu.com\/index.php?rest_route=\/wp\/v2\/posts\/7994"}],"collection":[{"href":"https:\/\/porozmawiajmyozdrowiu.com\/index.php?rest_route=\/wp\/v2\/posts"}],"about":[{"href":"https:\/\/porozmawiajmyozdrowiu.com\/index.php?rest_route=\/wp\/v2\/types\/post"}],"author":[{"embeddable":true,"href":"https:\/\/porozmawiajmyozdrowiu.com\/index.php?rest_route=\/wp\/v2\/users\/1"}],"replies":[{"embeddable":true,"href":"https:\/\/porozmawiajmyozdrowiu.com\/index.php?rest_route=%2Fwp%2Fv2%2Fcomments&post=7994"}],"version-history":[{"count":4,"href":"https:\/\/porozmawiajmyozdrowiu.com\/index.php?rest_route=\/wp\/v2\/posts\/7994\/revisions"}],"predecessor-version":[{"id":7999,"href":"https:\/\/porozmawiajmyozdrowiu.com\/index.php?rest_route=\/wp\/v2\/posts\/7994\/revisions\/7999"}],"wp:featuredmedia":[{"embeddable":true,"href":"https:\/\/porozmawiajmyozdrowiu.com\/index.php?rest_route=\/wp\/v2\/media\/7995"}],"wp:attachment":[{"href":"https:\/\/porozmawiajmyozdrowiu.com\/index.php?rest_route=%2Fwp%2Fv2%2Fmedia&parent=7994"}],"wp:term":[{"taxonomy":"category","embeddable":true,"href":"https:\/\/porozmawiajmyozdrowiu.com\/index.php?rest_route=%2Fwp%2Fv2%2Fcategories&post=7994"},{"taxonomy":"post_tag","embeddable":true,"href":"https:\/\/porozmawiajmyozdrowiu.com\/index.php?rest_route=%2Fwp%2Fv2%2Ftags&post=7994"}],"curies":[{"name":"wp","href":"https:\/\/api.w.org\/{rel}","templated":true}]}}