{"id":8032,"date":"2017-11-24T15:48:42","date_gmt":"2017-11-24T14:48:42","guid":{"rendered":"http:\/\/porozmawiajmyozdrowiu.com\/?p=8032"},"modified":"2017-11-26T10:47:27","modified_gmt":"2017-11-26T09:47:27","slug":"zaproszenie-na-grudniowe-spotkanie-z-cyklu-porozmawiajmy-o-zdrowiu","status":"publish","type":"post","link":"https:\/\/porozmawiajmyozdrowiu.com\/?p=8032","title":{"rendered":"Zaproszenie na grudniowe spotkanie z cyklu \u201ePorozmawiajmy o zdrowiu\u201d"},"content":{"rendered":"<p><strong>Drogie Czytelniczki, drodzy Czytelnicy!<\/strong><\/p>\n<p align=\"justify\">Mamy ogromn\u0105 przyjemno\u015b\u0107 zaprosi\u0107 Was na ostatnie w tym roku spotkanie z cyklu <strong>\u201ePorozmawiajmy o zdrowiu\u201d<\/strong>, kt\u00f3rego go\u015bciem specjalnym b\u0119dzie <strong>Agnieszka Cegielska<\/strong>. Gwiazda TVN Style, w zwi\u0105zku z niedawn\u0105 premier\u0105 swojej ksi\u0105\u017cki \u201eNATURALNIE\u201d, zdradzi spos\u00f3b na zdrowe od\u017cywanie i \u017cycie w zgodzie z natur\u0105. Nie zabraknie tak\u017ce obecno\u015bci ekspert\u00f3w. Za spraw\u0105 <strong>dr n. med. Doroty M\u0142ynek<\/strong>, specjalisty alergologii i dermatologii, poznamy prawdziw\u0105 warto\u015b\u0107 i wp\u0142yw jodu na organizm. Z kolei <strong>lek. Anna Grodecka \u2013\u00a0 <\/strong>lekarz medycyny estetycznej i dermatolog z Instytutu MEDESTETIS \u2013 opowie, jak przywr\u00f3ci\u0107 dobr\u0105 kondycj\u0119 sk\u00f3rze.<\/p>\n<p align=\"justify\">Wydarzenie odb\u0119dzie <strong>2 grudnia 2017 roku o godz. 17:00 w Hotelu Niebieskim przy ul. Flisackiej 3<\/strong>. Wst\u0119p jest <strong>BEZP\u0141ATNY<\/strong>. W przypadku ch\u0119ci uczestnictwa, prosimy o\u00a0wcze\u015bniejsz\u0105 wiadomo\u015b\u0107 na: <strong>biuro@imageline.pl<\/strong><\/p>\n<p><strong>Do zobaczenia niebawem!<\/strong><\/p>\n<p>Zesp\u00f3\u0142 \u201ePorozmawiajmy o zdrowiu\u201d<\/p>\n<p align=\"justify\">\n<p style=\"text-align: center;\"><a id=\"button-1016849853\" target=\"_self\" class=\"button_sc small\" ><span><i class=\"Default-calendar\"><\/i>  SZCZEG\u00d3\u0141OWY PROGRAM<\/span><\/a><style type=\"text\/css\">#button-1016849853 {background-color: #5D6A94!important; border-color: #5D6A94!important;}#button-1016849853 span {color: #ffffff!important;}<\/style><\/p>\n","protected":false},"excerpt":{"rendered":"<p>Drogie Czytelniczki, drodzy Czytelnicy! Mamy ogromn\u0105 przyjemno\u015b\u0107 zaprosi\u0107 Was na ostatnie w tym roku spotkanie z cyklu \u201ePorozmawiajmy o zdrowiu\u201d, kt\u00f3rego go\u015bciem specjalnym b\u0119dzie Agnieszka Cegielska. Gwiazda TVN Style, w zwi\u0105zku z niedawn\u0105 premier\u0105 swojej ksi\u0105\u017cki \u201eNATURALNIE\u201d, zdradzi spos\u00f3b na zdrowe od\u017cywanie i \u017cycie w zgodzie z natur\u0105. Nie zabraknie tak\u017ce obecno\u015bci ekspert\u00f3w. Za spraw\u0105 <p><a class=\"readon\" href=\"https:\/\/porozmawiajmyozdrowiu.com\/?p=8032\"><span>czytaj wi\u0119cej...<\/span><\/a><\/p><\/p>\n","protected":false},"author":1,"featured_media":8039,"comment_status":"closed","ping_status":"open","sticky":false,"template":"","format":"standard","meta":[],"categories":[6,70],"tags":[],"_links":{"self":[{"href":"https:\/\/porozmawiajmyozdrowiu.com\/index.php?rest_route=\/wp\/v2\/posts\/8032"}],"collection":[{"href":"https:\/\/porozmawiajmyozdrowiu.com\/index.php?rest_route=\/wp\/v2\/posts"}],"about":[{"href":"https:\/\/porozmawiajmyozdrowiu.com\/index.php?rest_route=\/wp\/v2\/types\/post"}],"author":[{"embeddable":true,"href":"https:\/\/porozmawiajmyozdrowiu.com\/index.php?rest_route=\/wp\/v2\/users\/1"}],"replies":[{"embeddable":true,"href":"https:\/\/porozmawiajmyozdrowiu.com\/index.php?rest_route=%2Fwp%2Fv2%2Fcomments&post=8032"}],"version-history":[{"count":3,"href":"https:\/\/porozmawiajmyozdrowiu.com\/index.php?rest_route=\/wp\/v2\/posts\/8032\/revisions"}],"predecessor-version":[{"id":8041,"href":"https:\/\/porozmawiajmyozdrowiu.com\/index.php?rest_route=\/wp\/v2\/posts\/8032\/revisions\/8041"}],"wp:featuredmedia":[{"embeddable":true,"href":"https:\/\/porozmawiajmyozdrowiu.com\/index.php?rest_route=\/wp\/v2\/media\/8039"}],"wp:attachment":[{"href":"https:\/\/porozmawiajmyozdrowiu.com\/index.php?rest_route=%2Fwp%2Fv2%2Fmedia&parent=8032"}],"wp:term":[{"taxonomy":"category","embeddable":true,"href":"https:\/\/porozmawiajmyozdrowiu.com\/index.php?rest_route=%2Fwp%2Fv2%2Fcategories&post=8032"},{"taxonomy":"post_tag","embeddable":true,"href":"https:\/\/porozmawiajmyozdrowiu.com\/index.php?rest_route=%2Fwp%2Fv2%2Ftags&post=8032"}],"curies":[{"name":"wp","href":"https:\/\/api.w.org\/{rel}","templated":true}]}}