{"id":8201,"date":"2019-02-15T08:17:33","date_gmt":"2019-02-15T07:17:33","guid":{"rendered":"http:\/\/porozmawiajmyozdrowiu.com\/?p=8201"},"modified":"2019-03-19T08:19:02","modified_gmt":"2019-03-19T07:19:02","slug":"rekordowa-liczba-zgonow-a-szczyt-zachorowan-dopiero-przed-nami","status":"publish","type":"post","link":"https:\/\/porozmawiajmyozdrowiu.com\/?p=8201","title":{"rendered":"Rekordowa liczba zgon\u00f3w, a szczyt zachorowa\u0144 dopiero przed nami!"},"content":{"rendered":"<p align=\"justify\"><strong><img loading=\"lazy\" class=\"alignleft wp-image-8203 size-thumbnail\" src=\"http:\/\/porozmawiajmyozdrowiu.com\/wp-content\/uploads\/2019\/02\/Logo_OPZG-150x150.jpg\" alt=\"\" width=\"150\" height=\"150\" \/>Wed\u0142ug najnowszych meldunk\u00f3w epidemiologicznych podanych przez Narodowy Instytut Zdrowia Publicznego Pa\u0144stwowy Zak\u0142ad Higieny, odnotowano rekordow\u0105 liczb\u0119 zgon\u00f3w z powodu grypy w\u00a0Polsce w por\u00f3wnaniu do poprzednich sezon\u00f3w. Eksperci Og\u00f3lnopolskiego Programu Zwalczania Grypy podkre\u015blaj\u0105, \u017ce s\u0105 to niepokoj\u0105ce dane, poniewa\u017c prawdziwy szczyt zachorowa\u0144 nadejdzie za ok. 2 tygodnie.<\/strong><\/p>\n<p align=\"justify\">Sezon grypowy w pe\u0142ni i ju\u017c odnotowano <strong>2\u00a0415 363<\/strong> przypadki zachorowa\u0144 i\u00a0podejrze\u0144 zachorowa\u0144 na gryp\u0119,, a hospitalizacji wymaga\u0142o a\u017c <strong>7 855<\/strong><strong> chorych <\/strong>(4,4% wi\u0119cej ni\u017c w analogicznym sezonie roku ubieg\u0142ego). Najcz\u0119stsz\u0105 przyczyn\u0105 skierowania do szpitala by\u0142y objawy ze strony uk\u0142adu oddechowego, ale byli r\u00f3wnie\u017c pacjenci z dolegliwo\u015bciami uk\u0142adu kr\u0105\u017cenia Najgorzej jednak prezentuj\u0105 si\u0119 statystyki dotycz\u0105ce zgon\u00f3w z powodu grypy i jej powik\u0142a\u0144. Do 7.02 odnotowano a\u017c <strong>23 przypadki \u015bmiertelne.<\/strong> Jest to rekordowa liczba, poniewa\u017c w analogicznym okresie w poprzednich sezonach by\u0142o to 0 (sezon 2017\/18), 12(sezon 2016\/17), 8 (sezon 2015\/16) oraz 1 osoba \u015bmiertelna (sezon 2014\/15).<\/p>\n<p align=\"justify\"><em>\u201eW przeciwie\u0144stwie do poprzedniego sezonu, w kt\u00f3rym dominowa\u0142 wirus B, obecnie za 86% przypadk\u00f3w zachorowa\u0144 odpowiada w tym roku wirus A\/H1N1, za 4,1% wirus A\/H3N2, a tylko 1,8% wirus B. Wirus grypy i jego typy dominuj\u0105ce s\u0105 bardzo zmienne, dlatego nie warto ich lekcewa\u017cy\u0107 i\u00a0nale\u017cy si\u0119 szczepi\u0107. Grypa, wbrew obiegowym opiniom, to powa\u017cna choroba, kt\u00f3ra mo\u017ce doprowadzi\u0107 do licznych powik\u0142a\u0144, a nawet do \u015bmierci. Dotyczy to szczeg\u00f3lnie tych, kt\u00f3rzy obarczeni s\u0105 czynnikami ryzyka, np. wiek, choroby przewlek\u0142e, oty\u0142o\u015b\u0107. Obecno\u015b\u0107 dw\u00f3ch i wi\u0119cej z nich nawet 200-krotnie podnosi ryzyko wyst\u0105pienia powik\u0142a\u0144. Leczenie takich przypadk\u00f3w jest bardzo trudne. Za to profilaktyka prosta \u2013 szczepienie raz w\u00a0roku. Warto o tym pami\u0119ta\u0107 ju\u017c we wrze\u015bniu<\/em>\u201d\u2013 podkre\u015bla prof. dr hab. n. med. Adam Antczak, Przewodnicz\u0105cy Rady Naukowej Og\u00f3lnopolskiego Programu Zwalczania Grypy.<\/p>\n<p align=\"justify\">Grypa jest bardzo gro\u017an\u0105 chorob\u0105 wirusow\u0105. Na powik\u0142ania pogrypowe szczeg\u00f3lnie nara\u017cone s\u0105 osoby z grup ryzyka tj. przewlekle lecz\u0105cy si\u0119 z powodu chor\u00f3b uk\u0142adu oddechowego, sercowo \u2013 naczyniowego, cukrzycy, a\u00a0tak\u017ce osoby starsze, kobiety w ci\u0105\u017cy i dzieci. Eksperci s\u0105 zgodni, \u017ce ka\u017cde niepokoj\u0105ce objawy powinny by\u0107 skonsultowane z lekarzem, aby choroba zosta\u0142a odpowiednio zdiagnozowana i leczona. Skutkuje ona powik\u0142aniami pogrypowymi, kt\u00f3re stanowi\u0105 powa\u017cne zagro\u017cenie dla zdrowia i \u017cycia. Najlepsz\u0105 metod\u0105 zapobiegania zara\u017ceniom wirusem grypy oraz unikni\u0119cia powik\u0142a\u0144 s\u0105 szczepienia profilaktyczne, dlatego niezwykle istotne jest nie tylko w\u0142a\u015bciwe diagnozowanie i rozpoznawanie objaw\u00f3w grypy, ale r\u00f3wnie\u017c podejmowanie dzia\u0142a\u0144 profilaktycznych, kt\u00f3re pomog\u0105 ustrzec si\u0119 przed ostr\u0105 infekcj\u0105, b\u0105d\u017a z\u0142agodz\u0105 jej przebieg.<\/p>\n<p align=\"justify\">&#8212;&#8212;&#8212;&#8212;&#8212;&#8212;&#8212;&#8212;&#8212;&#8212;&#8212;&#8211;<br \/>\nOg\u00f3lnopolski Program Zwalczania Grypy jest inicjatyw\u0105 spo\u0142eczn\u0105 niezale\u017cnych ekspert\u00f3w medycznych. Celem Programu jest poprawa wyszczepialno\u015bci przeciw grypie w Polsce, zw\u0142aszcza w\u015br\u00f3d pacjent\u00f3w z grup ryzyka oraz informowanie Polak\u00f3w o zagro\u017ceniach zwi\u0105zanych z gryp\u0105 i jej powik\u0142aniami. Organizatorem Spo\u0142ecznej Kampanii Informacyjnej powsta\u0142ej w ramach Programu jest Fundacja Nadzieja dla Zdrowia. Dzia\u0142ania skierowane s\u0105 do \u015brodowiska medycznego, opinii publicznej, samorz\u0105du oraz do pracodawc\u00f3w. Przedsi\u0119wzi\u0119cie spotka\u0142o si\u0119 z\u00a0aprobat\u0105 najwa\u017cniejszych instytucji dzia\u0142aj\u0105cych na rzecz poprawy zdrowia publicznego, wielu organizacji zrzeszaj\u0105cych lekarzy, pracodawc\u00f3w, zwi\u0105zki samorz\u0105d\u00f3w i towarzystwa medyczne. W\u00a0dzia\u0142ania Og\u00f3lnopolskiego Programu Zwalczania Grypy zaanga\u017cowali si\u0119 r\u00f3wnie\u017c eksperci medyczni, liderzy opinii, ludzie nauki, kultury oraz biznesu. Wi\u0119cej informacji na stronie www.opzg.pl.<\/p>\n<p align=\"justify\"><strong>Kontakt dla medi\u00f3w:<\/strong><br \/>\nKatarzyna M\u0105k\u00f3lska, katarzyna.makolska@procontent.pl, tel. 604 774\u00a0138<br \/>\nNatalia Skarbek, <a href=\"mailto:natalia.skarbek@procontent.pl\">natalia.skarbek@procontent.pl<\/a>, tel. 884\u00a0838 886<\/p>\n","protected":false},"excerpt":{"rendered":"<p>Wed\u0142ug najnowszych meldunk\u00f3w epidemiologicznych podanych przez Narodowy Instytut Zdrowia Publicznego Pa\u0144stwowy Zak\u0142ad Higieny, odnotowano rekordow\u0105 liczb\u0119 zgon\u00f3w z powodu grypy w\u00a0Polsce w por\u00f3wnaniu do poprzednich sezon\u00f3w. Eksperci Og\u00f3lnopolskiego Programu Zwalczania Grypy podkre\u015blaj\u0105, \u017ce s\u0105 to niepokoj\u0105ce dane, poniewa\u017c prawdziwy szczyt zachorowa\u0144 nadejdzie za ok. 2 tygodnie. Sezon grypowy w pe\u0142ni i ju\u017c odnotowano 2\u00a0415 363 <p><a class=\"readon\" href=\"https:\/\/porozmawiajmyozdrowiu.com\/?p=8201\"><span>czytaj wi\u0119cej...<\/span><\/a><\/p><\/p>\n","protected":false},"author":1,"featured_media":8202,"comment_status":"closed","ping_status":"open","sticky":false,"template":"","format":"standard","meta":[],"categories":[6,71],"tags":[],"_links":{"self":[{"href":"https:\/\/porozmawiajmyozdrowiu.com\/index.php?rest_route=\/wp\/v2\/posts\/8201"}],"collection":[{"href":"https:\/\/porozmawiajmyozdrowiu.com\/index.php?rest_route=\/wp\/v2\/posts"}],"about":[{"href":"https:\/\/porozmawiajmyozdrowiu.com\/index.php?rest_route=\/wp\/v2\/types\/post"}],"author":[{"embeddable":true,"href":"https:\/\/porozmawiajmyozdrowiu.com\/index.php?rest_route=\/wp\/v2\/users\/1"}],"replies":[{"embeddable":true,"href":"https:\/\/porozmawiajmyozdrowiu.com\/index.php?rest_route=%2Fwp%2Fv2%2Fcomments&post=8201"}],"version-history":[{"count":1,"href":"https:\/\/porozmawiajmyozdrowiu.com\/index.php?rest_route=\/wp\/v2\/posts\/8201\/revisions"}],"predecessor-version":[{"id":8204,"href":"https:\/\/porozmawiajmyozdrowiu.com\/index.php?rest_route=\/wp\/v2\/posts\/8201\/revisions\/8204"}],"wp:featuredmedia":[{"embeddable":true,"href":"https:\/\/porozmawiajmyozdrowiu.com\/index.php?rest_route=\/wp\/v2\/media\/8202"}],"wp:attachment":[{"href":"https:\/\/porozmawiajmyozdrowiu.com\/index.php?rest_route=%2Fwp%2Fv2%2Fmedia&parent=8201"}],"wp:term":[{"taxonomy":"category","embeddable":true,"href":"https:\/\/porozmawiajmyozdrowiu.com\/index.php?rest_route=%2Fwp%2Fv2%2Fcategories&post=8201"},{"taxonomy":"post_tag","embeddable":true,"href":"https:\/\/porozmawiajmyozdrowiu.com\/index.php?rest_route=%2Fwp%2Fv2%2Ftags&post=8201"}],"curies":[{"name":"wp","href":"https:\/\/api.w.org\/{rel}","templated":true}]}}