{"id":8237,"date":"2019-09-03T14:38:47","date_gmt":"2019-09-03T12:38:47","guid":{"rendered":"http:\/\/porozmawiajmyozdrowiu.com\/?p=8237"},"modified":"2019-09-03T14:38:47","modified_gmt":"2019-09-03T12:38:47","slug":"bo-kobiety-to-rakiety-czyli-porozmawiajmy-o-zdrowiu-i-kobiecosci-po-raz-kolejny","status":"publish","type":"post","link":"https:\/\/porozmawiajmyozdrowiu.com\/?p=8237","title":{"rendered":"Bo kobiety to rakiety, czyli \u201ePorozmawiajmy o zdrowiu\u201d i kobieco\u015bci po raz kolejny"},"content":{"rendered":"<p align=\"justify\"><strong>Ju\u017c 7 wrze\u015bnia organizatorzy dobrze znanych i  lubianych przez Krakowianki spotka\u0144 z cyklu &bdquo;Porozmawiajmy o zdrowiu&rdquo;  zapraszaj\u0105 na kolejne z nich. Tym razem go\u015bciem specjalnym b\u0119dzie Justyna  Moraczewska, dziennikarka i autorka ksi\u0105\u017cki &bdquo;Kobiety Rakiety. My z pokolenia  X&rdquo;. W jedynej w swoim rodzaju, wyj\u0105tkowej atmosferze poruszone zostan\u0105 tematy  bliskie \u015bwiadomym kobietom, czyli zdrowie i uroda oraz rozw\u00f3j osobisty. W  go\u015bcinne progi wszystkich ch\u0119tnych zaprasza klub Baroque.<\/strong><\/p>\n<p align=\"justify\">Kim jest pokolenie X? To osoby urodzone w  drugiej po\u0142owie XX wieku, czasie trudnym i stawiaj\u0105cym wiele wyzwa\u0144.  Niejednokrotnie jego przedstawiciele mierz\u0105 si\u0119 z poczuciem chaosu, zagubienia  oraz poszukiwaniem odpowiedzi na pytania o cel i sens \u017cycia. Bohaterki ksi\u0105\u017cki  Moraczewskiej to w\u0142a\u015bnie reprezentantki pokolenia, kt\u00f3re niewiadom\u0105 X ma  wpisan\u0105 w nazw\u0119. One jednak wiedz\u0105, dok\u0105d zmierzaj\u0105. Przekroczy\u0142y magiczny wiek  40 lat i nigdy wcze\u015bniej nie by\u0142y tak \u015bwiadome i gotowe do dzia\u0142ania. Autorka  postanowi\u0142a przyjrze\u0107 si\u0119 konkretnym kobietom oraz ich losom i w tym celu odby\u0142a kr\u00f3tk\u0105 podr\u00f3\u017c w czasie, aby odkry\u0107 co tak naprawd\u0119  ukszta\u0142towa\u0142o kobiety z tej generacji, co wp\u0142ywa\u0142o na ich poczucie estetyki i  wyznawane warto\u015bci. Poprowadzi\u0142a rozmowy z ekspertami oraz kobietami z  pokolenia X. W\u015br\u00f3d jej rozm\u00f3wc\u00f3w znale\u017ali si\u0119 m.in.: Anna Gonera, Krzysztof  B\u0105k, Joanna Godecka, Iwona Radziejewska-Choma, Cezary \u015aciborski, Barbara  Borkowska, Lidia Kalita, Kasia Soko\u0142owska, Piotr Mosak, Andrzej Depko, Julita  Czernecka, Rafa\u0142 Ku\u017alik, Joanna Baranowska, Alina Adamowicz, Olga Kozierowska  czy Marlena Bielinska. <\/p>\n<p align=\"justify\">Po  rozmowie z go\u015bciem specjalnym przyjdzie czas na opowie\u015b\u0107 o wyj\u0105tkowym  przedsi\u0119wzi\u0119ciu &bdquo;Przestrzenie Rozwoju&rdquo; stworzonym przez kobiety dla kobiet  w\u0142a\u015bnie. Przybli\u017c\u0105 go jego pomys\u0142odawczynie i dzia\u0142aczki Ma\u0142gorzata Turczyk i  Renata Podsiad\u0142o. W ramach projektu mo\u017cna uzyska\u0107 specjalistyczn\u0105 pomoc na  r\u00f3\u017cnych etapach \u017cycia oraz w r\u00f3\u017cnych sytuacjach. &bdquo;Przestrzenie Rozwoju&rdquo; gwarantuj\u0105  m.in. wsparcie psychologiczno-pedagogiczne, warsztaty psychoedukacyjne,  mediacje rodzinne, coaching rozwojowy czy us\u0142ugi prawne i reprezentacj\u0119  procesow\u0105. <\/p>\n<p align=\"justify\">Lato  dobiega ko\u0144ca. Wiele z nas za\u017cywa\u0142o k\u0105pieli s\u0142onecznych, kt\u00f3re pozostawi\u0142y na  naszej sk\u00f3rze nie tylko pi\u0119kn\u0105 opalenizn\u0119, ale tak\u017ce niechciane pami\u0105tki,  czyli przebarwienia. Jak si\u0119 ich skutecznie pozby\u0107? O tym porozmawiamy z lek.  med. Ann\u0105 Grodeck\u0105 z Instytutu MEDestetis. <\/p>\n<p align=\"justify\">Koniec lata nie oznacza ko\u0144ca biegowych  aktywno\u015bci. Wr\u0119cz przeciwnie, jesie\u0144 dostarczy Krakowianom wielu okazji do  uprawiania tego sportu. Zdradzimy, \u017ce sporo uczestniczek spotka\u0144 &bdquo;Porozmawiajmy  o zdrowiu&rdquo; biega i bierze udzia\u0142 w tego typu imprezach. By\u0107 mo\u017ce rozmowa na ten  temat zainspiruje kolejne Panie do za\u0142o\u017cenia sportowych but\u00f3w i wyruszenia na  biegow\u0105 \u015bcie\u017ck\u0119? <\/p>\n<p align=\"justify\">Naprawd\u0119  warto przyby\u0107 na spotkanie &bdquo;Porozmawiajmy o zdrowiu&rdquo; i sp\u0119dzi\u0107 ten czas w\u015br\u00f3d  wyj\u0105tkowych kobiet, rozmawiaj\u0105c na istotne tematy. Na uczestniczki ju\u017c  tradycyjnie czekaj\u0105 mi\u0142e kosmetyczne upominki. Wst\u0119p jest wolny, jednak nale\u017cy  pami\u0119ta\u0107 o wcze\u015bniejszej rejestracji na: <a href=\"mailto:porozmawiajmyozdrowiu@konfeo.com\">porozmawiajmyozdrowiu@konfeo.com<\/a>.<\/p>\n<p>&bdquo;Porozmawiajmy  o zdrowiu&rdquo;<br \/>\n  7  wrze\u015bnia 2019 r.,\u00a0 godz. 17.00<br \/>\nKlub  Baroque Food &amp; Style<\/p>\n<p>Kontakt i informacje: <br \/>\n  e-mail: <a href=\"mailto:porozmawiajmyozdrowiu@konfeo.com\">porozmawiajmyozdrowiu@konfeo.com<\/a><br \/>\n  <a href=\"http:\/\/www.porozmawiajmyozdrowiu.com\/\">www.porozmawiajmyozdrowiu.com<\/a><\/p>\n<p>&nbsp;<\/p>\n<p style=\"text-align: center;\"><a id=\"button-34880557\" href=\"http:\/\/porozmawiajmyozdrowiu.com\/?page_id=7396\" target=\"_self\" class=\"button_sc small\" ><span><i class=\"Default-calendar\"><\/i>  SZCZEG\u00d3\u0141OWY PROGRAM<\/span><\/a><style type=\"text\/css\">#button-34880557 {background-color: #5D6A94!important; border-color: #5D6A94!important;}#button-34880557 span {color: #ffffff!important;}<\/style><\/p>\n","protected":false},"excerpt":{"rendered":"<p>Ju\u017c 7 wrze\u015bnia organizatorzy dobrze znanych i lubianych przez Krakowianki spotka\u0144 z cyklu &bdquo;Porozmawiajmy o zdrowiu&rdquo; zapraszaj\u0105 na kolejne z nich. Tym razem go\u015bciem specjalnym b\u0119dzie Justyna Moraczewska, dziennikarka i autorka ksi\u0105\u017cki &bdquo;Kobiety Rakiety. My z pokolenia X&rdquo;. W jedynej w swoim rodzaju, wyj\u0105tkowej atmosferze poruszone zostan\u0105 tematy bliskie \u015bwiadomym kobietom, czyli zdrowie i uroda <p><a class=\"readon\" href=\"https:\/\/porozmawiajmyozdrowiu.com\/?p=8237\"><span>czytaj wi\u0119cej...<\/span><\/a><\/p><\/p>\n","protected":false},"author":1,"featured_media":8238,"comment_status":"closed","ping_status":"open","sticky":false,"template":"","format":"standard","meta":[],"categories":[6,70],"tags":[],"_links":{"self":[{"href":"https:\/\/porozmawiajmyozdrowiu.com\/index.php?rest_route=\/wp\/v2\/posts\/8237"}],"collection":[{"href":"https:\/\/porozmawiajmyozdrowiu.com\/index.php?rest_route=\/wp\/v2\/posts"}],"about":[{"href":"https:\/\/porozmawiajmyozdrowiu.com\/index.php?rest_route=\/wp\/v2\/types\/post"}],"author":[{"embeddable":true,"href":"https:\/\/porozmawiajmyozdrowiu.com\/index.php?rest_route=\/wp\/v2\/users\/1"}],"replies":[{"embeddable":true,"href":"https:\/\/porozmawiajmyozdrowiu.com\/index.php?rest_route=%2Fwp%2Fv2%2Fcomments&post=8237"}],"version-history":[{"count":2,"href":"https:\/\/porozmawiajmyozdrowiu.com\/index.php?rest_route=\/wp\/v2\/posts\/8237\/revisions"}],"predecessor-version":[{"id":8244,"href":"https:\/\/porozmawiajmyozdrowiu.com\/index.php?rest_route=\/wp\/v2\/posts\/8237\/revisions\/8244"}],"wp:featuredmedia":[{"embeddable":true,"href":"https:\/\/porozmawiajmyozdrowiu.com\/index.php?rest_route=\/wp\/v2\/media\/8238"}],"wp:attachment":[{"href":"https:\/\/porozmawiajmyozdrowiu.com\/index.php?rest_route=%2Fwp%2Fv2%2Fmedia&parent=8237"}],"wp:term":[{"taxonomy":"category","embeddable":true,"href":"https:\/\/porozmawiajmyozdrowiu.com\/index.php?rest_route=%2Fwp%2Fv2%2Fcategories&post=8237"},{"taxonomy":"post_tag","embeddable":true,"href":"https:\/\/porozmawiajmyozdrowiu.com\/index.php?rest_route=%2Fwp%2Fv2%2Ftags&post=8237"}],"curies":[{"name":"wp","href":"https:\/\/api.w.org\/{rel}","templated":true}]}}