{"id":8290,"date":"2020-04-07T16:43:18","date_gmt":"2020-04-07T14:43:18","guid":{"rendered":"http:\/\/porozmawiajmyozdrowiu.com\/?p=8290"},"modified":"2020-04-07T16:43:18","modified_gmt":"2020-04-07T14:43:18","slug":"fundacja-avalon-z-jedyna-mozliwoscia-rehabilitacji-online-w-polsce","status":"publish","type":"post","link":"https:\/\/porozmawiajmyozdrowiu.com\/?p=8290","title":{"rendered":"Fundacja Avalon z jedyn\u0105 mo\u017cliwo\u015bci\u0105 rehabilitacji online w Polsce"},"content":{"rendered":"<p align=\"justify\"><strong>W odpowiedzi na najnowsze zaostrzenia \u015brodk\u00f3w ostro\u017cno\u015bci, kt\u00f3re zawieszaj\u0105 organizacj\u0119 zabieg\u00f3w rehabilitacyjnych, Fundacja Avalon organizuje zaj\u0119cia on-line dla os\u00f3b z niepe\u0142nosprawno\u015bciami. W ramach akcji #aktywnizavalon Fundacja wychodzi naprzeciw potrzebom os\u00f3b z niepe\u0142nosprawno\u015bciami, organizuj\u0105c na swoich kana\u0142ach social media cykl zaj\u0119\u0107 rehabilitacyjnych przeznaczony specjalnie dla nich. Ch\u0119tni mog\u0105 te\u017c skorzysta\u0107 z online\u2019owych trening\u00f3w kondycyjno-si\u0142owych prowadzonych przez zawodnik\u00f3w rugby na w\u00f3zkach oraz ambasador\u00f3w projektu Avalon EXTREME. Wszystkie aktywno\u015bci oferowane przez Fundacj\u0119 dost\u0119pne s\u0105 na jej oficjalnych stronach w mediach spo\u0142eczno\u015bciowych.<\/strong><\/p>\n<p align=\"justify\">Od kilku tygodni polskie spo\u0142ecze\u0144stwo ze wzgl\u0119du na \u015bwiatow\u0105 epidemi\u0119 koronawirusa pozostaje w domach, a wiele si\u0142owni, punkt\u00f3w rehabilitacyjnych oraz sal treningowych zosta\u0142o zamkni\u0119tych. Po ostatnim zaostrzeniu zasad bezpiecze\u0144stwa w ramach walki z wirusem zawieszono mo\u017cliwo\u015b\u0107 wykonywania zabieg\u00f3w rehabilitacyjnych, zar\u00f3wno w plac\u00f3wkach publicznych, jak i prywatnych, z wy\u0142\u0105czeniem os\u00f3b w przypadku, kt\u00f3rych rehabilitacja jest bezwzgl\u0119dnie wymagana dla utrzymania odpowiedniego stanu zdrowia. Ju\u017c wcze\u015bniej wiele os\u00f3b z niepe\u0142nosprawno\u015bciami zrezygnowa\u0142o z uczestnictwa w rehabilitacji ze wzgl\u0119du na ich obecno\u015b\u0107 w grupie podwy\u017cszonego ryzyka, wynikaj\u0105c\u0105 z posiadania obni\u017conej odporno\u015bci. Pozostanie w domu jest konieczne, jednak oznacza brak dost\u0119pu do rehabilitacji, niezb\u0119dnej do codziennego funkcjonowania. W ramach pomocy takim osobom, Fundacja Avalon stworzy\u0142a specjalnie dla nich darmow\u0105 ofert\u0119 zaj\u0119\u0107 rehabilitacyjnych dost\u0119pn\u0105 online. Projekt dzia\u0142aj\u0105cy pod hasztagiem #aktywnizavalon otwiera przed osobami z niepe\u0142nosprawno\u015bciami mo\u017cliwo\u015b\u0107 wirtualnej sali rehabilitacyjnej oraz zestaw trening\u00f3w kondycyjno-si\u0142owych online.<\/p>\n<p align=\"justify\"><em>\u00a0\u2013 W internecie mo\u017cna znale\u017a\u0107 wiele zaj\u0119\u0107 i trening\u00f3w dla os\u00f3b sprawnych. My nie zapominamy o osobach z niepe\u0142nosprawno\u015bciami, kt\u00f3re w wyniku zamkni\u0119cia plac\u00f3wek rehabilitacyjnych pozostaj\u0105 obecnie bez profesjonalnego wsparcia. Rozumiemy ten problem, bo dzia\u0142ania na rzecz aktywizacji os\u00f3b z niepe\u0142nosprawno\u015bciami s\u0105 podstaw\u0105 naszego funkcjonowania. Zdajemy sobie spraw\u0119, \u017ce nie jeste\u015bmy w stanie zapewni\u0107 kontaktu 1:1 osoby z niepe\u0142nosprawno\u015bci\u0105 i rehabilitanta czy trenera, ale staramy si\u0119 zrobi\u0107 co mo\u017cemy, \u017ceby wszyscy ch\u0119tni mogli bezp\u0142atnie skorzysta\u0107 z naszych zaj\u0119\u0107 \u2013 <\/em>m\u00f3wi \u0141ukasz Wielgosz, Pe\u0142nomocnik Zarz\u0105du Fundacji Avalon.<\/p>\n<p align=\"justify\">Projekt #aktywnizavalon oferuje osobom z niepe\u0142nosprawno\u015bciami \u0107wiczenia usprawniaj\u0105ce, udzia\u0142 w zaj\u0119ciach zumby, wst\u0119p do nordic walking, panel z logoped\u0105, relaksacj\u0119 prowadzon\u0105 przez psychologa, \u0107wiczenia oddechowe oraz panel Q&amp;A z fizjoterapeut\u0105. R\u00f3\u017cnorodno\u015b\u0107 realizuje podej\u015bcie Fundacji Avalon do kwestii niepe\u0142nosprawno\u015bci oraz promowania aktywnej rehabilitacji. Misj\u0105 Fundacji jest tworzenie kompleksowej, ciekawej i r\u00f3\u017cnorodnej oferty rehabilitacyjnej w formie r\u00f3\u017cnorodnych zaj\u0119\u0107, zach\u0119caj\u0105cych do podejmowania aktywno\u015bci fizycznej. W\u0142a\u015bnie dlatego trenerzy i fizjoterapeuci Fundacji dopasowuj\u0105 prowadzone zaj\u0119cia online do r\u00f3\u017cnych stopni niepe\u0142nosprawno\u015bci. Dla Fundacji Avalon priorytetem jest to, aby w czasie og\u00f3lnopolskiej akcji #zostanwdomu osoby z niepe\u0142nosprawno\u015bci\u0105 nie tylko nie straci\u0142y kondycji i ich stan nie uleg\u0142 pogorszeniu, ale wr\u0119cz przeciwnie, by mog\u0142y ten czas aktywnie wykorzysta\u0107 na popraw\u0119 swojej sprawno\u015bci.<\/p>\n<p align=\"justify\">W zwi\u0105zku z tym, \u017ce osoby z niepe\u0142nosprawno\u015bciami stanowi\u0105 niejednolit\u0105 grup\u0119, kt\u00f3rej przedstawiciele maj\u0105 r\u00f3\u017cne zainteresowania i potrzeby, harmonogram jest u\u0142o\u017cony tak, aby ka\u017cdego dnia r\u00f3\u017cne grupy os\u00f3b mog\u0142y znale\u017a\u0107 idealne zaj\u0119cia dopasowane do r\u00f3\u017cnych rodzaj\u00f3w niepe\u0142nosprawno\u015bci. Dobrze jest jednak codziennie uczestniczy\u0107 w oferowanych zaj\u0119ciach poniewa\u017c, niezale\u017cnie od schorzenia, z kt\u00f3rego wynika niepe\u0142nosprawno\u015b\u0107, \u0107wiczenia tworzone s\u0105 tak, aby ka\u017cdy ich uczestnik m\u00f3g\u0142 zyska\u0107 co\u015b dla siebie.<\/p>\n<p>\u2013 <em>Pozbawienie os\u00f3b z niepe\u0142nosprawno\u015bciami dost\u0119pu do rehabilitacji na tak d\u0142ugi czas, jak to ma miejsce obecnie mo\u017ce mie\u0107 dalece bardziej negatywne skutki, ni\u017c odstawienie trening\u00f3w na miesi\u0105c przez osoby sprawne. W\u0142a\u015bnie dlatego zdecydowali\u015bmy si\u0119 na dzia\u0142ania online i staramy si\u0119 je realizowa\u0107 jak najlepiej i dla jak najszerszego grona<\/em>\u2013 dodaje \u0141ukasz Wielgosz.<\/p>\n<p align=\"justify\">Zaj\u0119cia skierowane s\u0105 przede wszystkim do os\u00f3b z niepe\u0142nosprawno\u015bciami, ale uczestniczy\u0107 w nich mo\u017ce ka\u017cdy. Osoby sprawne zach\u0119camy szczeg\u00f3lnie do uczestnictwa w organizowanym przez projekt Avalon EXTREME cyklu trening\u00f3w kondycyjno-si\u0142owych, stanowi\u0105cego ciekaw\u0105 alternatyw\u0119 dla standardowych tening\u00f3w online. Zaj\u0119cia prowadz\u0105 ambasadorzy projektu, mi\u0119dzy innymi utytu\u0142owany zawodnik crossfitu, Szymon Klimza, czy trener os\u00f3b z niepe\u0142nosprawno\u015bciami, Tomasz Bidu\u015b, a tak\u017ce zawodnicy dru\u017cyny Avalon EXTREME i kadrowicze polskiej reprezentacji rugby na w\u00f3zkach \u2013 Piotr Stankiewicz oraz \u0141ukasz R\u0119kawiecki. Ka\u017cdego dnia na facebookowym fanpage\u2019u Fundacji publikowany jest plan zaj\u0119\u0107 rehabilitacyjnych i treningowych organizowanych zar\u00f3wno przez ni\u0105, jak i przez projekt Avalon Extreme. Ponadto, transmisje ze wszystkich przeprowadzonych zaj\u0119\u0107 dost\u0119pne s\u0105 na facebookowych profilach Fundacji Avaloi projektu Avalon EXTREME, kt\u00f3re ju\u017c od dawna pomagaj\u0105 ponad 10000 os\u00f3b z niepe\u0142nosprawno\u015bciami. Warto obserwowa\u0107 media spo\u0142eczno\u015bciowe Fundacji i w\u0142\u0105czy\u0107 si\u0119 we wsp\u00f3ln\u0105 aktywno\u015b\u0107.<\/p>\n<table border=\"0\" width=\"614\" cellspacing=\"0\" cellpadding=\"0\">\n<tbody>\n<tr>\n<td nowrap=\"nowrap\" width=\"47\"><\/td>\n<td nowrap=\"nowrap\" width=\"113\">\n<p align=\"center\"><strong>6 kwietnia<\/strong><\/p>\n<\/td>\n<td nowrap=\"nowrap\" width=\"123\">\n<p align=\"center\"><strong>7 kwietnia<\/strong><\/p>\n<\/td>\n<td nowrap=\"nowrap\" width=\"113\">\n<p align=\"center\"><strong>8 kwietnia<\/strong><\/p>\n<\/td>\n<td nowrap=\"nowrap\" width=\"110\">\n<p align=\"center\"><strong>9 kwietnia<\/strong><\/p>\n<\/td>\n<td nowrap=\"nowrap\" width=\"107\">\n<p align=\"center\"><strong>10 kwietnia<\/strong><\/p>\n<\/td>\n<\/tr>\n<tr>\n<td nowrap=\"nowrap\" width=\"47\">\n<p align=\"center\"><strong>12.00<\/strong><\/p>\n<\/td>\n<td width=\"113\">\n<p align=\"center\">Rehabilitacja \/ trening wzmacniaj\u0105cy<\/p>\n<\/td>\n<td width=\"123\">\n<p align=\"center\">\u0106wiczenia oddechowe<\/p>\n<\/td>\n<td width=\"113\">\n<p align=\"center\">Rehabilitacja \/ trening wzmacniaj\u0105cy<\/p>\n<\/td>\n<td width=\"110\">\n<p align=\"center\">\u0106wiczenia oddechowe<\/p>\n<\/td>\n<td width=\"107\">\n<p align=\"center\">Rehabilitacja \/ trening wzmacniaj\u0105cy<\/p>\n<\/td>\n<\/tr>\n<tr>\n<td nowrap=\"nowrap\" width=\"47\">\n<p align=\"center\"><strong>15.00<\/strong><\/p>\n<\/td>\n<td width=\"113\">Techniki relaksacyjne dla wszystkich<\/td>\n<td width=\"123\">\n<p align=\"center\">\u0106wiczenia logopedyczne<\/p>\n<\/td>\n<td width=\"113\"><\/td>\n<td width=\"110\">\n<p align=\"center\">Techniki relaksacyjne<\/p>\n<\/td>\n<td width=\"107\">\n<p align=\"center\">Q&amp;A\u00a0 \/ zadaj pytanie rehabilitantowi<\/p>\n<\/td>\n<\/tr>\n<tr>\n<td nowrap=\"nowrap\" width=\"47\">\n<p align=\"center\"><strong>17.00<\/strong><\/p>\n<\/td>\n<td width=\"113\"><\/td>\n<td width=\"123\"><\/td>\n<td width=\"113\">\n<p align=\"center\">Zumba z Natali\u0105<\/p>\n<\/td>\n<td width=\"110\"><\/td>\n<td width=\"107\"><\/td>\n<\/tr>\n<tr>\n<td nowrap=\"nowrap\" width=\"47\">\n<p align=\"center\"><strong>18.00<\/strong><\/p>\n<\/td>\n<td width=\"113\">\n<p align=\"center\">Rehabilitacja dla os\u00f3b po udarze m\u00f3zgu<\/p>\n<\/td>\n<td width=\"123\">\n<p align=\"center\">Rehabilitacja dla os\u00f3b z urazem rdzenia kr\u0119gowego<\/p>\n<\/td>\n<td width=\"113\">\n<p align=\"center\">Rehabilitacja dla os\u00f3b poruszaj\u0105cych si\u0119 o kulach<\/p>\n<\/td>\n<td width=\"110\">\n<p align=\"center\">Rehabilitacja dla w\u00f3zkowicz\u00f3w<\/p>\n<\/td>\n<td width=\"107\">\n<p align=\"center\">Rehabilitacja dla os\u00f3b ze stwardnieniem zanikowe boczne oraz dystrofiami<\/p>\n<\/td>\n<\/tr>\n<tr>\n<td nowrap=\"nowrap\" width=\"47\">\n<p align=\"center\"><strong>19.00<\/strong><\/p>\n<\/td>\n<td width=\"113\"><\/td>\n<td width=\"123\">\n<p align=\"center\">Trening si\u0142owy<\/p>\n<\/td>\n<td width=\"113\"><\/td>\n<td width=\"110\">\n<p align=\"center\">Trening si\u0142owy<\/p>\n<\/td>\n<td width=\"107\"><\/td>\n<\/tr>\n<\/tbody>\n<\/table>\n<p>&nbsp;<\/p>\n<p>W<strong>i\u0119cej informacji:<\/strong><\/p>\n<p><a href=\"https:\/\/www.fundacjaavalon.pl\/\">https:\/\/www.fundacjaavalon.pl\/<\/a><br \/>\n<a href=\"https:\/\/www.facebook.com\/fundacjaavalon\/\">https:\/\/www.facebook.com\/fundacjaavalon\/<\/a><br \/>\n<a href=\"https:\/\/avalonextreme.pl\/\" target=\"_blank\">https:\/\/avalonextreme.pl\/<\/a><br \/>\n<a href=\"https:\/\/www.facebook.com\/AvalonExtremeSports\/\" target=\"_blank\">https:\/\/www.facebook.com\/AvalonExtremeSports\/<\/a><\/p>\n<p><strong>\u00a0<\/strong><\/p>\n<p align=\"justify\"><strong>***<\/strong><br \/>\n<strong>Fundacja Avalon<\/strong>\u00a0jest og\u00f3lnopolsk\u0105 organizacj\u0105 pozarz\u0105dow\u0105 non-profit posiadaj\u0105c\u0105 status Organizacji Po\u017cytku Publicznego. Powsta\u0142a w 2006 roku. Ma siedzib\u0119 w Warszawie, jednak swoim wsparciem obejmuje osoby z\u202fniepe\u0142nosprawno\u015bci\u0105 i przewlekle chore z ca\u0142ej Polski. Fundacja oferuje pomoc w obszarze finansowym poprzez prowadzenie subkont, rehabilitacj\u0119 w ramach projektu Avalon Active oraz zmian\u0119 wizerunku sportu os\u00f3b z niepe\u0142nosprawno\u015bci\u0105 w ramach projektu Avalon Extreme. Obecnie wspiera prawie 10\u202f000 os\u00f3b z ca\u0142ej Polski.<br \/>\nMisj\u0105 Fundacji Avalon jest wsparcie os\u00f3b z niepe\u0142nosprawno\u015bci\u0105 i przewlekle chorych. Pracownicy Fundacji wierz\u0105, \u017ce osoby z niepe\u0142nosprawno\u015bci\u0105 mog\u0105 by\u0107 samodzielne i aktywne w ka\u017cdej sferze swojego \u017cycia. Z Fundacj\u0105 Avalon bariery nie istniej\u0105.<br \/>\n<strong>***<\/strong><br \/>\n<strong>Avalon EXTREME<\/strong> jest jedynym w Polsce projektem popularyzuj\u0105cym sporty ekstremalne zar\u00f3wno w\u015br\u00f3d os\u00f3b pe\u0142nosprawnych, jak i z niepe\u0142nosprawno\u015bciami. Projekt jest prowadzony przez <strong>Fundacj\u0119 Avalon<\/strong> od listopada 2015 r. Ambasadorzy Avalon EXTREME regularnie bior\u0105 udzia\u0142 w wydarzeniach sportowych, w kt\u00f3rych cz\u0119sto rywalizuj\u0105 z pe\u0142nosprawnymi sportowcami. Do dyscyplin nale\u017c\u0105 <strong>rugby, racing, drift, sitwake, workout <\/strong>oraz <strong>soaring<\/strong>, ale ich zakres jest sukcesywnie rozszerzany. Ambasadorami projektu s\u0105 <strong>Tomasz Bidu\u015b, Adam Czeladzki, Sebastian Luty, Bartosz Osta\u0142owski <\/strong>oraz<strong> Szymon Klimza. <\/strong>Avalon EXTREME to dru\u017cyna prawdziwych sportowc\u00f3w bez barier.<\/p>\n<p>Avalon EXTREME prze\u0142amuje stereotypy w postrzeganiu os\u00f3b z niepe\u0142nosprawno\u015bciami. Motywuje ludzi do pokonywania w\u0142asnych barier i ogranicze\u0144, stawiaj\u0105c przed nimi nowe wyzwania. Aktywizuje oraz wspiera wszystkich, kt\u00f3rzy chc\u0105 przezwyci\u0119\u017cy\u0107 w\u0142asne s\u0142abo\u015bci i znale\u017a\u0107 spos\u00f3b na aktywne sp\u0119dzenie czasu. Avalon EXTREME kreuje wizerunek niepe\u0142nosprawnych profesjonalnych sportowc\u00f3w, jako \u017cyj\u0105cych z pasj\u0105 i odnosz\u0105cych nie mniejsze i r\u00f3wnie ekscytuj\u0105ce sukcesy sportowe jak pe\u0142nosprawni.<\/p>\n<p><strong>\u00a0<\/strong><\/p>\n<p><strong>Kontakt dla medi\u00f3w:<\/strong><\/p>\n<p><strong>Marta Dudek<\/strong><br \/>\n<a href=\"mailto:pr@fundacjaavalon.pl\">pr@fundacjaavalon.pl<\/a><br \/>\n534\u00a0452 357<\/p>\n","protected":false},"excerpt":{"rendered":"<p>W odpowiedzi na najnowsze zaostrzenia \u015brodk\u00f3w ostro\u017cno\u015bci, kt\u00f3re zawieszaj\u0105 organizacj\u0119 zabieg\u00f3w rehabilitacyjnych, Fundacja Avalon organizuje zaj\u0119cia on-line dla os\u00f3b z niepe\u0142nosprawno\u015bciami. W ramach akcji #aktywnizavalon Fundacja wychodzi naprzeciw potrzebom os\u00f3b z niepe\u0142nosprawno\u015bciami, organizuj\u0105c na swoich kana\u0142ach social media cykl zaj\u0119\u0107 rehabilitacyjnych przeznaczony specjalnie dla nich. Ch\u0119tni mog\u0105 te\u017c skorzysta\u0107 z online\u2019owych trening\u00f3w kondycyjno-si\u0142owych prowadzonych przez <p><a class=\"readon\" href=\"https:\/\/porozmawiajmyozdrowiu.com\/?p=8290\"><span>czytaj wi\u0119cej...<\/span><\/a><\/p><\/p>\n","protected":false},"author":1,"featured_media":8292,"comment_status":"closed","ping_status":"open","sticky":false,"template":"","format":"standard","meta":[],"categories":[6,71],"tags":[],"_links":{"self":[{"href":"https:\/\/porozmawiajmyozdrowiu.com\/index.php?rest_route=\/wp\/v2\/posts\/8290"}],"collection":[{"href":"https:\/\/porozmawiajmyozdrowiu.com\/index.php?rest_route=\/wp\/v2\/posts"}],"about":[{"href":"https:\/\/porozmawiajmyozdrowiu.com\/index.php?rest_route=\/wp\/v2\/types\/post"}],"author":[{"embeddable":true,"href":"https:\/\/porozmawiajmyozdrowiu.com\/index.php?rest_route=\/wp\/v2\/users\/1"}],"replies":[{"embeddable":true,"href":"https:\/\/porozmawiajmyozdrowiu.com\/index.php?rest_route=%2Fwp%2Fv2%2Fcomments&post=8290"}],"version-history":[{"count":4,"href":"https:\/\/porozmawiajmyozdrowiu.com\/index.php?rest_route=\/wp\/v2\/posts\/8290\/revisions"}],"predecessor-version":[{"id":8295,"href":"https:\/\/porozmawiajmyozdrowiu.com\/index.php?rest_route=\/wp\/v2\/posts\/8290\/revisions\/8295"}],"wp:featuredmedia":[{"embeddable":true,"href":"https:\/\/porozmawiajmyozdrowiu.com\/index.php?rest_route=\/wp\/v2\/media\/8292"}],"wp:attachment":[{"href":"https:\/\/porozmawiajmyozdrowiu.com\/index.php?rest_route=%2Fwp%2Fv2%2Fmedia&parent=8290"}],"wp:term":[{"taxonomy":"category","embeddable":true,"href":"https:\/\/porozmawiajmyozdrowiu.com\/index.php?rest_route=%2Fwp%2Fv2%2Fcategories&post=8290"},{"taxonomy":"post_tag","embeddable":true,"href":"https:\/\/porozmawiajmyozdrowiu.com\/index.php?rest_route=%2Fwp%2Fv2%2Ftags&post=8290"}],"curies":[{"name":"wp","href":"https:\/\/api.w.org\/{rel}","templated":true}]}}